{"id":3414,"date":"2021-08-10T20:09:01","date_gmt":"2021-08-11T00:09:01","guid":{"rendered":"http:\/\/radioprimiciapelluhue.cl\/?p=3414"},"modified":"2021-08-10T20:09:02","modified_gmt":"2021-08-11T00:09:02","slug":"senadora-rincon-y-alcaldes-abordan-problemas-viales","status":"publish","type":"post","link":"https:\/\/radioprimiciapelluhue.cl\/?p=3414","title":{"rendered":"Senadora Rinc\u00f3n y alcaldes abordan problemas viales"},"content":{"rendered":"\n<p>Senadora Rinc\u00f3n y alcaldes abordan problemas viales de comunas maulinas con Ministro de Obras P\u00fablicas<\/p>\n\n\n\n<p>Se abordaron situaciones que afectan a las comunas de Rauco, Curic\u00f3, San Rafael, Huala\u00f1\u00e9, Maule, Vichuquen y Chanco. \u201cPlanteamos problem\u00e1ticas y conocimos estado de avance de proyectos largamente anhelados y que esperamos se concreten a la brevedad\u201d, asegur\u00f3 la parlamentaria<\/p>\n\n\n\n<p>Problemas viales y estado de avance de diversos proyectos de caminos relacionados con Curic\u00f3, Rauco, Huala\u00f1\u00e9, San Rafael, Maule y Chanco, se abordaron en una reuni\u00f3n de trabajo sostenida entre el Ministro de Obras P\u00fablicas, Alfredo Moreno; la Senadora Ximena Rinc\u00f3n, y los jefes comunales de las comunas antes mencionadas: Enrique Olivares, Javier Mu\u00f1oz, Claudia D\u00edaz, Carolina Mu\u00f1oz, Luis V\u00e1squez y Marcelo Waddington.<\/p>\n\n\n\n<p>\u201cFue una muy buena reuni\u00f3n, que nuestros alcaldes aprovecharon para plantear los problemas que m\u00e1s los complican o necesitan concretar. Tambi\u00e9n para dar a conocer problemas que han surgido en el \u00faltimo tiempo y as\u00ed comenzar en la b\u00fasqueda de soluciones\u201d, sostuvo la parlamentaria.<\/p>\n\n\n\n<p>Agreg\u00f3 que, en San Rafael, por ejemplo, existe preocupaci\u00f3n ante la falta de nuevos caminos asfaltados en los \u00faltimos a\u00f1os, pese a que algunos tienen una importancia estrat\u00e9gica no s\u00f3lo para esta comuna, sino que tambi\u00e9n para Pelarco. As\u00ed qued\u00f3 establecido en el Quinto convenio de caminos B\u00e1sicos, donde estas comunas ten\u00edan proyectos programados para el a\u00f1o 2020, pero que a\u00fan no se concretan, por lo que se pidi\u00f3 priorizar una soluci\u00f3n al respecto.<\/p>\n\n\n\n<p>La parlamentaria, record\u00f3 que el ex Secretario Regional Ministerial de Obras P\u00fablicas, Francisco Dur\u00e1n, comprometi\u00f3 estudiar factibilidad de asfaltar camino de sector Vista Hermosa, en la comuna de Maule, sin que a la fecha haya respuesta favorable o desfavorable.<\/p>\n\n\n\n<p>En materias de seguridad vial, la legisladora manifest\u00f3 que en Huala\u00f1\u00e9 existe preocupaci\u00f3n por los constantes accidentes en el cruce Los Coipos, sector El Parronal.<\/p>\n\n\n\n<p>En el caso de Rauco, las preocupaciones del alcalde, Enrique Olivares, pasan por mejorar tres puentes en mal estado como La Palmilla, El Maicillo y Las Moreras, adem\u00e1s de conocer la situaci\u00f3n del camino al sector El Parr\u00f3n, a su vez la necesidad imperiosa de contar con m\u00e1quina para realizar pozos profundos en su comuna.<\/p>\n\n\n\n<p>Para Curic\u00f3, en tanto, la prioridad del alcalde es el megaproyecto conexi\u00f3n vial ruta K-120, que conectar\u00e1 el acceso sur de esta ciudad con Sagrada Familia, adem\u00e1s de terminar el dise\u00f1o del colector colector aguas lluvias rio Elqui.<\/p>\n\n\n\n<p>En tanto la Comuna de Vichuqu\u00e9n, expuso las problem\u00e1ticas en las rutas viales en su comuna, ante lo expuesto el Ministerio informo que prontamente se publica la licitaci\u00f3n de limpieza de aproximadamente 8 km.<\/p>\n\n\n\n<p>Finalmente, la Secretar\u00eda regional ministerial, se comprometi\u00f3 a trabajar directamente con los alcaldes, en reuni\u00f3n que se programaran lo antes posible. <strong><a href=\"https:\/\/web.facebook.com\/gottomania.radioprimiciapelluhue\/videos\/1010930106309521\">https:\/\/web.facebook.com\/gottomania.radioprimiciapelluhue\/videos\/1010930106309521<\/a><\/strong> <\/p>\n\n\n\n<figure class=\"wp-block-image size-full\"><a href=\"http:\/\/radioprimiciapelluhue.cl\/wp-content\/uploads\/2021\/08\/Sin-titulo2.jpg\"><img loading=\"lazy\" decoding=\"async\" width=\"589\" height=\"483\" src=\"http:\/\/radioprimiciapelluhue.cl\/wp-content\/uploads\/2021\/08\/Sin-titulo2.jpg\" alt=\"\" class=\"wp-image-3415\" srcset=\"https:\/\/radioprimiciapelluhue.cl\/wp-content\/uploads\/2021\/08\/Sin-titulo2.jpg 589w, https:\/\/radioprimiciapelluhue.cl\/wp-content\/uploads\/2021\/08\/Sin-titulo2-300x246.jpg 300w\" sizes=\"auto, (max-width: 589px) 100vw, 589px\" \/><\/a><\/figure>\n","protected":false},"excerpt":{"rendered":"<p>Senadora Rinc\u00f3n y alcaldes abordan problemas viales de comunas maulinas con Ministro de Obras P\u00fablicas Se abordaron situaciones que afectan a las comunas de Rauco, Curic\u00f3, San Rafael, Huala\u00f1\u00e9, Maule, Vichuquen y Chanco. \u201cPlanteamos problem\u00e1ticas y conocimos estado de avance de proyectos largamente anhelados y que esperamos se concreten a la brevedad\u201d, asegur\u00f3 la parlamentaria [&hellip;]<\/p>\n","protected":false},"author":2,"featured_media":3416,"comment_status":"closed","ping_status":"closed","sticky":false,"template":"","format":"standard","meta":{"footnotes":""},"categories":[60],"tags":[],"class_list":["post-3414","post","type-post","status-publish","format-standard","has-post-thumbnail","hentry","category-politica"],"_links":{"self":[{"href":"https:\/\/radioprimiciapelluhue.cl\/index.php?rest_route=\/wp\/v2\/posts\/3414","targetHints":{"allow":["GET"]}}],"collection":[{"href":"https:\/\/radioprimiciapelluhue.cl\/index.php?rest_route=\/wp\/v2\/posts"}],"about":[{"href":"https:\/\/radioprimiciapelluhue.cl\/index.php?rest_route=\/wp\/v2\/types\/post"}],"author":[{"embeddable":true,"href":"https:\/\/radioprimiciapelluhue.cl\/index.php?rest_route=\/wp\/v2\/users\/2"}],"replies":[{"embeddable":true,"href":"https:\/\/radioprimiciapelluhue.cl\/index.php?rest_route=%2Fwp%2Fv2%2Fcomments&post=3414"}],"version-history":[{"count":1,"href":"https:\/\/radioprimiciapelluhue.cl\/index.php?rest_route=\/wp\/v2\/posts\/3414\/revisions"}],"predecessor-version":[{"id":3417,"href":"https:\/\/radioprimiciapelluhue.cl\/index.php?rest_route=\/wp\/v2\/posts\/3414\/revisions\/3417"}],"wp:featuredmedia":[{"embeddable":true,"href":"https:\/\/radioprimiciapelluhue.cl\/index.php?rest_route=\/wp\/v2\/media\/3416"}],"wp:attachment":[{"href":"https:\/\/radioprimiciapelluhue.cl\/index.php?rest_route=%2Fwp%2Fv2%2Fmedia&parent=3414"}],"wp:term":[{"taxonomy":"category","embeddable":true,"href":"https:\/\/radioprimiciapelluhue.cl\/index.php?rest_route=%2Fwp%2Fv2%2Fcategories&post=3414"},{"taxonomy":"post_tag","embeddable":true,"href":"https:\/\/radioprimiciapelluhue.cl\/index.php?rest_route=%2Fwp%2Fv2%2Ftags&post=3414"}],"curies":[{"name":"wp","href":"https:\/\/api.w.org\/{rel}","templated":true}]}}