{"id":3442,"date":"2021-08-18T11:08:57","date_gmt":"2021-08-18T15:08:57","guid":{"rendered":"http:\/\/radioprimiciapelluhue.cl\/?p=3442"},"modified":"2021-08-18T11:08:58","modified_gmt":"2021-08-18T15:08:58","slug":"sin-fondas-este-2021-en-las-30-comunas-del-maule","status":"publish","type":"post","link":"https:\/\/radioprimiciapelluhue.cl\/?p=3442","title":{"rendered":"SIN FONDAS ESTE 2021 EN LAS 30 COMUNAS DEL MAULE"},"content":{"rendered":"\n<p>Hoy 18 de agosto 2021 el Delegado Presidencial, se\u00f1or Juan Eduardo Prieto Correa \u00a0formalizaron el acuerdo de no realizar ramadas durante estas Fiestas Patrias en las treinta comunas de la regi\u00f3n. Recordar que este a\u00f1o 2021 toca 18 s\u00e1bado y 19 domingo, adem\u00e1s la #Pandemia a\u00fan no termina.<\/p>\n\n\n\n<p>Una decisi\u00f3n lamentable, pero tomada pensando en lo sanitario, debido al car\u00e1cter de impracticable que resulta una fiscalizaci\u00f3n en dichos eventos.<\/p>\n\n\n\n<figure class=\"wp-block-image size-full\"><a href=\"http:\/\/radioprimiciapelluhue.cl\/wp-content\/uploads\/2021\/08\/Sin-titulo-1.jpg\"><img loading=\"lazy\" decoding=\"async\" width=\"598\" height=\"568\" src=\"http:\/\/radioprimiciapelluhue.cl\/wp-content\/uploads\/2021\/08\/Sin-titulo-1.jpg\" alt=\"\" class=\"wp-image-3443\" srcset=\"https:\/\/radioprimiciapelluhue.cl\/wp-content\/uploads\/2021\/08\/Sin-titulo-1.jpg 598w, https:\/\/radioprimiciapelluhue.cl\/wp-content\/uploads\/2021\/08\/Sin-titulo-1-300x285.jpg 300w\" sizes=\"auto, (max-width: 598px) 100vw, 598px\" \/><\/a><\/figure>\n","protected":false},"excerpt":{"rendered":"<p>Hoy 18 de agosto 2021 el Delegado Presidencial, se\u00f1or Juan Eduardo Prieto Correa \u00a0formalizaron el acuerdo de no realizar ramadas durante estas Fiestas Patrias en las treinta comunas de la regi\u00f3n. Recordar que este a\u00f1o 2021 toca 18 s\u00e1bado y 19 domingo, adem\u00e1s la #Pandemia a\u00fan no termina. Una decisi\u00f3n lamentable, pero tomada pensando en [&hellip;]<\/p>\n","protected":false},"author":2,"featured_media":3443,"comment_status":"closed","ping_status":"closed","sticky":false,"template":"","format":"standard","meta":{"footnotes":""},"categories":[2],"tags":[],"class_list":["post-3442","post","type-post","status-publish","format-standard","has-post-thumbnail","hentry","category-noticias"],"_links":{"self":[{"href":"https:\/\/radioprimiciapelluhue.cl\/index.php?rest_route=\/wp\/v2\/posts\/3442","targetHints":{"allow":["GET"]}}],"collection":[{"href":"https:\/\/radioprimiciapelluhue.cl\/index.php?rest_route=\/wp\/v2\/posts"}],"about":[{"href":"https:\/\/radioprimiciapelluhue.cl\/index.php?rest_route=\/wp\/v2\/types\/post"}],"author":[{"embeddable":true,"href":"https:\/\/radioprimiciapelluhue.cl\/index.php?rest_route=\/wp\/v2\/users\/2"}],"replies":[{"embeddable":true,"href":"https:\/\/radioprimiciapelluhue.cl\/index.php?rest_route=%2Fwp%2Fv2%2Fcomments&post=3442"}],"version-history":[{"count":1,"href":"https:\/\/radioprimiciapelluhue.cl\/index.php?rest_route=\/wp\/v2\/posts\/3442\/revisions"}],"predecessor-version":[{"id":3444,"href":"https:\/\/radioprimiciapelluhue.cl\/index.php?rest_route=\/wp\/v2\/posts\/3442\/revisions\/3444"}],"wp:featuredmedia":[{"embeddable":true,"href":"https:\/\/radioprimiciapelluhue.cl\/index.php?rest_route=\/wp\/v2\/media\/3443"}],"wp:attachment":[{"href":"https:\/\/radioprimiciapelluhue.cl\/index.php?rest_route=%2Fwp%2Fv2%2Fmedia&parent=3442"}],"wp:term":[{"taxonomy":"category","embeddable":true,"href":"https:\/\/radioprimiciapelluhue.cl\/index.php?rest_route=%2Fwp%2Fv2%2Fcategories&post=3442"},{"taxonomy":"post_tag","embeddable":true,"href":"https:\/\/radioprimiciapelluhue.cl\/index.php?rest_route=%2Fwp%2Fv2%2Ftags&post=3442"}],"curies":[{"name":"wp","href":"https:\/\/api.w.org\/{rel}","templated":true}]}}