{"id":3463,"date":"2021-08-24T19:05:18","date_gmt":"2021-08-24T23:05:18","guid":{"rendered":"http:\/\/radioprimiciapelluhue.cl\/?p=3463"},"modified":"2021-08-25T19:02:02","modified_gmt":"2021-08-25T23:02:02","slug":"gran-preocupacion-en-la-comunidad-por-el-aumento-de-los-acoso-covid-19-a-pocas-semanas-de-las-fiestas-patrias","status":"publish","type":"post","link":"https:\/\/radioprimiciapelluhue.cl\/?p=3463","title":{"rendered":"Gran preocupaci\u00f3n en la comunidad por el aumento de los acoso #Covid-19 a pocas semanas de las fiestas patrias"},"content":{"rendered":"\n<p><strong>Informe <a href=\"https:\/\/www.facebook.com\/hashtag\/covid19?__eep__=6&amp;__cft__%5b0%5d=AZWqKNtZu-Hj0arU_vbrVv-vE2PpHzxbf3DIuWhTUvgoMISXEIyTFa-9BBE_kjZKe6Pl6yCS4zL8r2LyFeKtLiBI6XgscGtL4ELzuDBPrmmMmvafJqtUWpxqnHK5hYGKFCqMb0rVAFvr5_qVfvOVaaWTm2w3zuQLhiTEgQ2LfKWQLASHWoGY8PkvmKZr44niHCQ&amp;__tn__=*NK-R\">#Covid19<\/a> de hoy 24 de agosto<\/strong> <strong>2021<\/strong><\/p>\n\n\n\n<p>Casos activos y fase en la Provincia<\/p>\n\n\n\n<p>Cauquenes #Fase3 preparaci\u00f3n Casos activos 36<\/p>\n\n\n\n<p>Pelluhue <a href=\"https:\/\/www.facebook.com\/hashtag\/fase3?__eep__=6&amp;__cft__%5b0%5d=AZWqKNtZu-Hj0arU_vbrVv-vE2PpHzxbf3DIuWhTUvgoMISXEIyTFa-9BBE_kjZKe6Pl6yCS4zL8r2LyFeKtLiBI6XgscGtL4ELzuDBPrmmMmvafJqtUWpxqnHK5hYGKFCqMb0rVAFvr5_qVfvOVaaWTm2w3zuQLhiTEgQ2LfKWQLASHWoGY8PkvmKZr44niHCQ&amp;__tn__=*NK-R\">#Fase3<\/a> preparaci\u00f3n Casos Activos 17<\/p>\n\n\n\n<p>Chanco <a href=\"https:\/\/www.facebook.com\/hashtag\/fase4?__eep__=6&amp;__cft__%5b0%5d=AZWqKNtZu-Hj0arU_vbrVv-vE2PpHzxbf3DIuWhTUvgoMISXEIyTFa-9BBE_kjZKe6Pl6yCS4zL8r2LyFeKtLiBI6XgscGtL4ELzuDBPrmmMmvafJqtUWpxqnHK5hYGKFCqMb0rVAFvr5_qVfvOVaaWTm2w3zuQLhiTEgQ2LfKWQLASHWoGY8PkvmKZr44niHCQ&amp;__tn__=*NK-R\">#Fase4<\/a> apertura casos Activos 0<\/p>\n\n\n\n<p>Siga cuid\u00e1ndose use la mascarilla, alcohol gel, mantenga distancia, no se den abrazos ni salude de besos<\/p>\n\n\n\n<p>Cuid\u00e9monos entre todos<\/p>\n\n\n\n<p><a href=\"https:\/\/www.gob.cl\/pasoapas\">https:\/\/www.gob.cl\/pasoapas<\/a><\/p>\n\n\n\n<p><\/p>\n\n\n\n<figure class=\"wp-block-image size-large\"><a href=\"http:\/\/radioprimiciapelluhue.cl\/wp-content\/uploads\/2021\/08\/Activos-Covid19-de-hoy-24-de-agosto-2021.jpg\"><img loading=\"lazy\" decoding=\"async\" width=\"473\" height=\"1024\" src=\"http:\/\/radioprimiciapelluhue.cl\/wp-content\/uploads\/2021\/08\/Activos-Covid19-de-hoy-24-de-agosto-2021-473x1024.jpg\" alt=\"\" class=\"wp-image-3464\" srcset=\"https:\/\/radioprimiciapelluhue.cl\/wp-content\/uploads\/2021\/08\/Activos-Covid19-de-hoy-24-de-agosto-2021-473x1024.jpg 473w, https:\/\/radioprimiciapelluhue.cl\/wp-content\/uploads\/2021\/08\/Activos-Covid19-de-hoy-24-de-agosto-2021-139x300.jpg 139w, https:\/\/radioprimiciapelluhue.cl\/wp-content\/uploads\/2021\/08\/Activos-Covid19-de-hoy-24-de-agosto-2021-768x1663.jpg 768w, https:\/\/radioprimiciapelluhue.cl\/wp-content\/uploads\/2021\/08\/Activos-Covid19-de-hoy-24-de-agosto-2021-710x1536.jpg 710w, https:\/\/radioprimiciapelluhue.cl\/wp-content\/uploads\/2021\/08\/Activos-Covid19-de-hoy-24-de-agosto-2021.jpg 946w\" sizes=\"auto, (max-width: 473px) 100vw, 473px\" \/><\/a><\/figure>\n\n\n\n<figure class=\"wp-block-image size-large\"><a href=\"http:\/\/radioprimiciapelluhue.cl\/wp-content\/uploads\/2021\/08\/Confirmados-Covid19-de-hoy-24-de-agosto-2021.jpg\"><img loading=\"lazy\" decoding=\"async\" width=\"473\" height=\"1024\" src=\"http:\/\/radioprimiciapelluhue.cl\/wp-content\/uploads\/2021\/08\/Confirmados-Covid19-de-hoy-24-de-agosto-2021-473x1024.jpg\" alt=\"\" class=\"wp-image-3465\" srcset=\"https:\/\/radioprimiciapelluhue.cl\/wp-content\/uploads\/2021\/08\/Confirmados-Covid19-de-hoy-24-de-agosto-2021-473x1024.jpg 473w, https:\/\/radioprimiciapelluhue.cl\/wp-content\/uploads\/2021\/08\/Confirmados-Covid19-de-hoy-24-de-agosto-2021-139x300.jpg 139w, https:\/\/radioprimiciapelluhue.cl\/wp-content\/uploads\/2021\/08\/Confirmados-Covid19-de-hoy-24-de-agosto-2021-768x1663.jpg 768w, https:\/\/radioprimiciapelluhue.cl\/wp-content\/uploads\/2021\/08\/Confirmados-Covid19-de-hoy-24-de-agosto-2021-710x1536.jpg 710w, https:\/\/radioprimiciapelluhue.cl\/wp-content\/uploads\/2021\/08\/Confirmados-Covid19-de-hoy-24-de-agosto-2021.jpg 946w\" sizes=\"auto, (max-width: 473px) 100vw, 473px\" \/><\/a><\/figure>\n","protected":false},"excerpt":{"rendered":"<p>Informe #Covid19 de hoy 24 de agosto 2021 Casos activos y fase en la Provincia Cauquenes #Fase3 preparaci\u00f3n Casos activos 36 Pelluhue #Fase3 preparaci\u00f3n Casos Activos 17 Chanco #Fase4 apertura casos Activos 0 Siga cuid\u00e1ndose use la mascarilla, alcohol gel, mantenga distancia, no se den abrazos ni salude de besos Cuid\u00e9monos entre todos https:\/\/www.gob.cl\/pasoapas<\/p>\n","protected":false},"author":2,"featured_media":2916,"comment_status":"closed","ping_status":"closed","sticky":false,"template":"","format":"standard","meta":{"footnotes":""},"categories":[57],"tags":[],"class_list":["post-3463","post","type-post","status-publish","format-standard","has-post-thumbnail","hentry","category-covid19"],"_links":{"self":[{"href":"https:\/\/radioprimiciapelluhue.cl\/index.php?rest_route=\/wp\/v2\/posts\/3463","targetHints":{"allow":["GET"]}}],"collection":[{"href":"https:\/\/radioprimiciapelluhue.cl\/index.php?rest_route=\/wp\/v2\/posts"}],"about":[{"href":"https:\/\/radioprimiciapelluhue.cl\/index.php?rest_route=\/wp\/v2\/types\/post"}],"author":[{"embeddable":true,"href":"https:\/\/radioprimiciapelluhue.cl\/index.php?rest_route=\/wp\/v2\/users\/2"}],"replies":[{"embeddable":true,"href":"https:\/\/radioprimiciapelluhue.cl\/index.php?rest_route=%2Fwp%2Fv2%2Fcomments&post=3463"}],"version-history":[{"count":2,"href":"https:\/\/radioprimiciapelluhue.cl\/index.php?rest_route=\/wp\/v2\/posts\/3463\/revisions"}],"predecessor-version":[{"id":3475,"href":"https:\/\/radioprimiciapelluhue.cl\/index.php?rest_route=\/wp\/v2\/posts\/3463\/revisions\/3475"}],"wp:featuredmedia":[{"embeddable":true,"href":"https:\/\/radioprimiciapelluhue.cl\/index.php?rest_route=\/wp\/v2\/media\/2916"}],"wp:attachment":[{"href":"https:\/\/radioprimiciapelluhue.cl\/index.php?rest_route=%2Fwp%2Fv2%2Fmedia&parent=3463"}],"wp:term":[{"taxonomy":"category","embeddable":true,"href":"https:\/\/radioprimiciapelluhue.cl\/index.php?rest_route=%2Fwp%2Fv2%2Fcategories&post=3463"},{"taxonomy":"post_tag","embeddable":true,"href":"https:\/\/radioprimiciapelluhue.cl\/index.php?rest_route=%2Fwp%2Fv2%2Ftags&post=3463"}],"curies":[{"name":"wp","href":"https:\/\/api.w.org\/{rel}","templated":true}]}}