{"id":3467,"date":"2021-08-25T18:44:25","date_gmt":"2021-08-25T22:44:25","guid":{"rendered":"http:\/\/radioprimiciapelluhue.cl\/?p=3467"},"modified":"2021-08-25T18:44:25","modified_gmt":"2021-08-25T22:44:25","slug":"ximena-rincon-asume-presidencia-del-senado","status":"publish","type":"post","link":"https:\/\/radioprimiciapelluhue.cl\/?p=3467","title":{"rendered":"Ximena Rinc\u00f3n asume presidencia del Senado"},"content":{"rendered":"\n<p>Parlamentaria por el Maule sostuvo que asume este desaf\u00edo con humildad y convicci\u00f3n de cambios.&nbsp; \u201cTengo la confianza que transformaremos la incertidumbre en certeza, con compromisos con pensiones, mujeres, territorio, empleo y reactivaci\u00f3n\u201d asegur\u00f3 la legisladora<\/p>\n\n\n\n<p>Con el foco en lograr dignidad para Chile, Ximena Rinc\u00f3n Gonz\u00e1lez asumi\u00f3 como Presidenta del Senadora de la Rep\u00fablica, cargo que -dijo- asume con humildad y convicci\u00f3n de que son necesarios cambios para que el pa\u00eds pueda desarrollar su inmenso potencial<\/p>\n\n\n\n<p>\u201cVivimos tiempos de cambios, pero tengo confianza que transformaremos la incertidumbre en certeza. Por ello, nuestros compromisos son con preocupaciones reales, con pensiones, mujer, territorio, empleo y reactivaci\u00f3n.&nbsp; Y Nuestro foco: dignidad para Chile. Asumo este desaf\u00edo con humildad y convicci\u00f3n de cambios. \u00a1Nunca m\u00e1s sin los ciudadanos!\u201d, asegur\u00f3 la legisladora en su discurso al asumir el segundo cargo en importancia en el pa\u00eds.<\/p>\n\n\n\n<p>La legisladora agradeci\u00f3 el respaldo de sus colegas, que le permiti\u00f3 asumir un cargo de tal relevancia y, la vez, resalt\u00f3 el rol que desempe\u00f1\u00f3 su antecesora, Yasna Provoste. \u201cLa vocaci\u00f3n de servicio y su constante perseverancia para que cada ciudadano de esta tierra pudiera enfrentar la crisis m\u00e1s profunda que ha vivido el pa\u00eds en los \u00faltimos 40 a\u00f1os, ser\u00e1 siempre recordada. Por esa misma raz\u00f3n, s\u00e9 que nuestros compatriotas la reconocer\u00e1n y apoyar\u00e1n en la aventura que emprendes, donde contar\u00e1s con nuestro respaldo y compa\u00f1\u00eda. Tienes en mi una aliada para todo lo que viene. Cuenta con ello siempre\u201d, asegur\u00f3.<\/p>\n\n\n\n<p>Al asumir la presidencia del Senado, Ximena Rinc\u00f3n record\u00f3 a las v\u00edctimas de la pandemia, por quienes solicit\u00f3 un minuto de silencio y, posteriormente, se refiri\u00f3 a las v\u00edctimas en vida del Covid 19, que aquellas personas que perdieron empleos, ingresos y sufren una merma en su calidad de vida.<\/p>\n\n\n\n<p>\u201cHemos sido testigos de la falta de coraje para abordar una crisis econ\u00f3mica, social, pol\u00edtica y sanitaria, donde las personas han tenido que cubrir con sus ahorros previsionales la urgencia de este momento. Gracias al Parlamento en la aprobaci\u00f3n de iniciativas como el Ingreso Familiar de Emergencia, el bono a las pymes, el postnatal de emergencia, solo por mencionar algunas, muchas chilenas y chilenos enfrentaron sus urgencias\u201d, puntualiz\u00f3 la legisladora.<\/p>\n\n\n\n<p>Por esta raz\u00f3n, la nueva presidenta del Senado recalc\u00f3 que es esta instancia el lugar donde deben buscarse las soluciones que los chilenos necesitan.\u00a0<\/p>\n\n\n\n<figure class=\"wp-block-image size-large\"><a href=\"http:\/\/radioprimiciapelluhue.cl\/wp-content\/uploads\/2021\/08\/08-25-presidencia.jpeg\"><img loading=\"lazy\" decoding=\"async\" width=\"682\" height=\"1024\" src=\"http:\/\/radioprimiciapelluhue.cl\/wp-content\/uploads\/2021\/08\/08-25-presidencia-682x1024.jpeg\" alt=\"\" class=\"wp-image-3468\" srcset=\"https:\/\/radioprimiciapelluhue.cl\/wp-content\/uploads\/2021\/08\/08-25-presidencia-682x1024.jpeg 682w, https:\/\/radioprimiciapelluhue.cl\/wp-content\/uploads\/2021\/08\/08-25-presidencia-200x300.jpeg 200w, https:\/\/radioprimiciapelluhue.cl\/wp-content\/uploads\/2021\/08\/08-25-presidencia-768x1152.jpeg 768w, https:\/\/radioprimiciapelluhue.cl\/wp-content\/uploads\/2021\/08\/08-25-presidencia.jpeg 853w\" sizes=\"auto, (max-width: 682px) 100vw, 682px\" \/><\/a><\/figure>\n","protected":false},"excerpt":{"rendered":"<p>Parlamentaria por el Maule sostuvo que asume este desaf\u00edo con humildad y convicci\u00f3n de cambios.&nbsp; \u201cTengo la confianza que transformaremos la incertidumbre en certeza, con compromisos con pensiones, mujeres, territorio, empleo y reactivaci\u00f3n\u201d asegur\u00f3 la legisladora Con el foco en lograr dignidad para Chile, Ximena Rinc\u00f3n Gonz\u00e1lez asumi\u00f3 como Presidenta del Senadora de la Rep\u00fablica, [&hellip;]<\/p>\n","protected":false},"author":2,"featured_media":3468,"comment_status":"closed","ping_status":"closed","sticky":false,"template":"","format":"standard","meta":{"footnotes":""},"categories":[60],"tags":[],"class_list":["post-3467","post","type-post","status-publish","format-standard","has-post-thumbnail","hentry","category-politica"],"_links":{"self":[{"href":"https:\/\/radioprimiciapelluhue.cl\/index.php?rest_route=\/wp\/v2\/posts\/3467","targetHints":{"allow":["GET"]}}],"collection":[{"href":"https:\/\/radioprimiciapelluhue.cl\/index.php?rest_route=\/wp\/v2\/posts"}],"about":[{"href":"https:\/\/radioprimiciapelluhue.cl\/index.php?rest_route=\/wp\/v2\/types\/post"}],"author":[{"embeddable":true,"href":"https:\/\/radioprimiciapelluhue.cl\/index.php?rest_route=\/wp\/v2\/users\/2"}],"replies":[{"embeddable":true,"href":"https:\/\/radioprimiciapelluhue.cl\/index.php?rest_route=%2Fwp%2Fv2%2Fcomments&post=3467"}],"version-history":[{"count":1,"href":"https:\/\/radioprimiciapelluhue.cl\/index.php?rest_route=\/wp\/v2\/posts\/3467\/revisions"}],"predecessor-version":[{"id":3469,"href":"https:\/\/radioprimiciapelluhue.cl\/index.php?rest_route=\/wp\/v2\/posts\/3467\/revisions\/3469"}],"wp:featuredmedia":[{"embeddable":true,"href":"https:\/\/radioprimiciapelluhue.cl\/index.php?rest_route=\/wp\/v2\/media\/3468"}],"wp:attachment":[{"href":"https:\/\/radioprimiciapelluhue.cl\/index.php?rest_route=%2Fwp%2Fv2%2Fmedia&parent=3467"}],"wp:term":[{"taxonomy":"category","embeddable":true,"href":"https:\/\/radioprimiciapelluhue.cl\/index.php?rest_route=%2Fwp%2Fv2%2Fcategories&post=3467"},{"taxonomy":"post_tag","embeddable":true,"href":"https:\/\/radioprimiciapelluhue.cl\/index.php?rest_route=%2Fwp%2Fv2%2Ftags&post=3467"}],"curies":[{"name":"wp","href":"https:\/\/api.w.org\/{rel}","templated":true}]}}