{"id":3476,"date":"2021-08-26T21:42:19","date_gmt":"2021-08-27T01:42:19","guid":{"rendered":"http:\/\/radioprimiciapelluhue.cl\/?p=3476"},"modified":"2021-08-26T21:42:20","modified_gmt":"2021-08-27T01:42:20","slug":"region-del-maule-declarada-zona-de-emergencia-agricola","status":"publish","type":"post","link":"https:\/\/radioprimiciapelluhue.cl\/?p=3476","title":{"rendered":"Regi\u00f3n del Maule declarada zona de emergencia Agr\u00edcola"},"content":{"rendered":"\n<p>La ministra Mar\u00eda Emilia Undurraga anunci\u00f3 esta medida para todas las comunas de las regiones de Coquimbo, Valpara\u00edso, O\u2019Higgins y Maule, lo que sumadas a la de Los Lagos totalizan 146 comunas en situaci\u00f3n de emergencia. El anuncio viene acompa\u00f1ado de una inyecci\u00f3n de recursos por 8 mil millones de pesos para las zonas afectadas.<\/p>\n\n\n\n<p>\u201cHoy vamos a dar cuenta de las&nbsp;<strong>medidas&nbsp;<\/strong>que hemos ido adoptando como ministerio y como gobierno en el marco de la&nbsp;<strong>sequ\u00eda&nbsp;<\/strong>que hemos experimentado los \u00faltimos 13 a\u00f1os, una sequ\u00eda muy profunda que nos afecta en la zona centro de nuestro pa\u00eds y producto de la informaci\u00f3n y antecedentes que hemos recibido,&nbsp;<strong>vamos a declarar emergencia agr\u00edcola por d\u00e9ficit h\u00eddrico en las regiones de Coquimbo, Valpara\u00edso, O\u2019Higgins y Maule<\/strong>\u201d. De esta forma, la ministra de Agricultura, Mar\u00eda Emilia Undurraga junto al director nacional del INDAP, Carlos Recondo y al secretario ejecutivo de la Comisi\u00f3n Nacional de Riego (CNR), Federico Err\u00e1zuriz, concret\u00f3 la declaraci\u00f3n de emergencia agr\u00edcola para cuatro regiones del pa\u00eds.<\/p>\n\n\n\n<p>Este anuncio tambi\u00e9n va acompa\u00f1ado con recursos. Se trata de un fondo de emergencia para la sequ\u00eda por un total de<strong>&nbsp;8 mil millones de pesos<\/strong>, estos se complementar\u00e1n con recursos de los Gobiernos Regionales y con otras medidas junto a otros ministerios, como Obras P\u00fablicas, y que se dar\u00e1n a conocer en los pr\u00f3ximos d\u00edas.<\/p>\n\n\n\n<p>La ministra Undurraga relev\u00f3 la importancia de esta medida, sobre todo porque permite acelerar las acciones para paliar la sequ\u00eda. \u201cDeclarar emergencia agr\u00edcola implica una agilidad en la ejecuci\u00f3n de los recursos. Este fondo de 8 mil millones se va a poner a disposici\u00f3n de todas las regiones que lo requieran, a trav\u00e9s de los gobiernos regionales y las autoridades locales para ver, en cada uno de los casos, cu\u00e1l es la mejor medida a tomar en cada productor y ver la mejor forma de atender cada una de esas necesidades\u201d, se\u00f1al\u00f3.<\/p>\n\n\n\n<p>Durante el a\u00f1o 2021, INDAP cuenta con el presupuesto de riego m\u00e1s grande de la historia de la peque\u00f1a agricultura en Chile, alcanzando m\u00e1s de 32 mil millones de pesos, cuyo foco est\u00e1 en dar seguridad de riego y aumentar la eficiencia en el uso del agua a cerca de 11 mil peque\u00f1os y medianos agricultores afectados por la sequ\u00eda.<\/p>\n\n\n\n<p>En esta l\u00ednea, el director nacional del INDAP, Carlos Recondo destac\u00f3 la hist\u00f3rica cifra que el instituto est\u00e1 aportando para combatir la sequ\u00eda. \u201cEn los \u00faltimos tres a\u00f1os, hemos duplicado el presupuesto destinado a riego en la peque\u00f1a agricultura y estos est\u00e1n destinados, fundamentalmente, a dar m\u00e1s certezas de disponibilidad de agua y que los agricultores puedan avanzar a ser mucho m\u00e1s eficientes en el uso de la poca agua de la que disponen\u201d, dijo.<\/p>\n\n\n\n<p>Por su parte, en total para el a\u00f1o 2021, la CNR ya ha dispuesto m\u00e1s de 135 mil millones de pesos para sus distintas l\u00edneas de acci\u00f3n, que van en directo apoyo a agricultores y sus organizaciones, para mitigar los efectos de la sequ\u00eda. Este presupuesto se ha duplicado en estos \u00faltimos dos a\u00f1os.<\/p>\n\n\n\n<p>El secretario ejecutivo de la CNR, Federico Err\u00e1zuriz explic\u00f3 que \u201cel uso del agua debe ser cada vez m\u00e1s eficiente y la CNR est\u00e1 trabajando fuertemente en esta l\u00ednea. Nuestro presupuesto se ha duplicado en este periodo de gobierno y esta declaraci\u00f3n de emergencia agr\u00edcola nos va a permitir enfocarnos en las regiones mencionadas para atender de forma m\u00e1s r\u00e1pida y mejor a los agricultores que as\u00ed lo requieran\u201d.<\/p>\n\n\n\n<p>La ministra se\u00f1al\u00f3 que dentro de las pr\u00f3ximas semanas puede haber m\u00e1s anuncios en esta l\u00ednea, debido a que se trata de diagn\u00f3sticos regionales que van cambiando y se actualizan dependiendo de las lluvias y las condiciones de cada zona. Asimismo, enfatiz\u00f3 que estas medidas inmediatas deben complementarse con otras de mediano y largo plazo que buscan adaptarse a una situaci\u00f3n que ya no es una emergencia puntual, sino que se ha convertido en una realidad estructural debido al cambio clim\u00e1tico.<\/p>\n\n\n\n<figure class=\"wp-block-image size-full\"><a href=\"http:\/\/radioprimiciapelluhue.cl\/wp-content\/uploads\/2021\/08\/Ministerio-de-Agricultura-decreta-zona-de-emergencia-agricola-en-cuatro-regiones-del-pais.jpg\"><img loading=\"lazy\" decoding=\"async\" width=\"946\" height=\"483\" src=\"http:\/\/radioprimiciapelluhue.cl\/wp-content\/uploads\/2021\/08\/Ministerio-de-Agricultura-decreta-zona-de-emergencia-agricola-en-cuatro-regiones-del-pais.jpg\" alt=\"\" class=\"wp-image-3477\" srcset=\"https:\/\/radioprimiciapelluhue.cl\/wp-content\/uploads\/2021\/08\/Ministerio-de-Agricultura-decreta-zona-de-emergencia-agricola-en-cuatro-regiones-del-pais.jpg 946w, https:\/\/radioprimiciapelluhue.cl\/wp-content\/uploads\/2021\/08\/Ministerio-de-Agricultura-decreta-zona-de-emergencia-agricola-en-cuatro-regiones-del-pais-300x153.jpg 300w, https:\/\/radioprimiciapelluhue.cl\/wp-content\/uploads\/2021\/08\/Ministerio-de-Agricultura-decreta-zona-de-emergencia-agricola-en-cuatro-regiones-del-pais-768x392.jpg 768w\" sizes=\"auto, (max-width: 946px) 100vw, 946px\" \/><\/a><\/figure>\n","protected":false},"excerpt":{"rendered":"<p>La ministra Mar\u00eda Emilia Undurraga anunci\u00f3 esta medida para todas las comunas de las regiones de Coquimbo, Valpara\u00edso, O\u2019Higgins y Maule, lo que sumadas a la de Los Lagos totalizan 146 comunas en situaci\u00f3n de emergencia. El anuncio viene acompa\u00f1ado de una inyecci\u00f3n de recursos por 8 mil millones de pesos para las zonas afectadas. [&hellip;]<\/p>\n","protected":false},"author":2,"featured_media":3477,"comment_status":"closed","ping_status":"closed","sticky":false,"template":"","format":"standard","meta":{"footnotes":""},"categories":[2],"tags":[],"class_list":["post-3476","post","type-post","status-publish","format-standard","has-post-thumbnail","hentry","category-noticias"],"_links":{"self":[{"href":"https:\/\/radioprimiciapelluhue.cl\/index.php?rest_route=\/wp\/v2\/posts\/3476","targetHints":{"allow":["GET"]}}],"collection":[{"href":"https:\/\/radioprimiciapelluhue.cl\/index.php?rest_route=\/wp\/v2\/posts"}],"about":[{"href":"https:\/\/radioprimiciapelluhue.cl\/index.php?rest_route=\/wp\/v2\/types\/post"}],"author":[{"embeddable":true,"href":"https:\/\/radioprimiciapelluhue.cl\/index.php?rest_route=\/wp\/v2\/users\/2"}],"replies":[{"embeddable":true,"href":"https:\/\/radioprimiciapelluhue.cl\/index.php?rest_route=%2Fwp%2Fv2%2Fcomments&post=3476"}],"version-history":[{"count":1,"href":"https:\/\/radioprimiciapelluhue.cl\/index.php?rest_route=\/wp\/v2\/posts\/3476\/revisions"}],"predecessor-version":[{"id":3478,"href":"https:\/\/radioprimiciapelluhue.cl\/index.php?rest_route=\/wp\/v2\/posts\/3476\/revisions\/3478"}],"wp:featuredmedia":[{"embeddable":true,"href":"https:\/\/radioprimiciapelluhue.cl\/index.php?rest_route=\/wp\/v2\/media\/3477"}],"wp:attachment":[{"href":"https:\/\/radioprimiciapelluhue.cl\/index.php?rest_route=%2Fwp%2Fv2%2Fmedia&parent=3476"}],"wp:term":[{"taxonomy":"category","embeddable":true,"href":"https:\/\/radioprimiciapelluhue.cl\/index.php?rest_route=%2Fwp%2Fv2%2Fcategories&post=3476"},{"taxonomy":"post_tag","embeddable":true,"href":"https:\/\/radioprimiciapelluhue.cl\/index.php?rest_route=%2Fwp%2Fv2%2Ftags&post=3476"}],"curies":[{"name":"wp","href":"https:\/\/api.w.org\/{rel}","templated":true}]}}