{"id":3488,"date":"2021-08-31T17:11:39","date_gmt":"2021-08-31T21:11:39","guid":{"rendered":"http:\/\/radioprimiciapelluhue.cl\/?p=3488"},"modified":"2021-08-31T17:11:40","modified_gmt":"2021-08-31T21:11:40","slug":"aviso-de-corte-de-luz-programado-programado","status":"publish","type":"post","link":"https:\/\/radioprimiciapelluhue.cl\/?p=3488","title":{"rendered":"AVISO DE CORTE DE LUZ PROGRAMADO PROGRAMADO"},"content":{"rendered":"\n<p>CGE informa a sus clientes de la comuna de Pelluhue, que el d\u00eda mi\u00e9rcoles 01 de septiembre 2021,<\/p>\n\n\n\n<p>se realizar\u00e1 un corte programado de suministro el\u00e9ctrico, en horario de 09:00 a 13:00 horas, a ra\u00edz<\/p>\n\n\n\n<p>de trabajos de mantenimiento, los sectores afectados ser\u00e1n:&nbsp;<\/p>\n\n\n\n<p>Sector Quilicura Norte Ruta M-80-N cruce con ruta M-910<\/p>\n\n\n\n<p>CGE informa a sus clientes de la comuna de Pelluhue, que el d\u00eda mi\u00e9rcoles 01 de septiembre 2021,<\/p>\n\n\n\n<p>se realizar\u00e1 un corte programado de suministro el\u00e9ctrico, en horario de 14:00 a 18:00 horas, a ra\u00edz<\/p>\n\n\n\n<p>de trabajos de mantenimiento, los sectores afectados ser\u00e1n:<\/p>\n\n\n\n<p>Sector Peu\u00f1o Ruta M-80-N cruce con ruta M-910<\/p>\n\n\n\n<p>CGE informa a sus clientes de la comuna de Cauquenes, que el d\u00eda mi\u00e9rcoles 01 de septiembre 2021,<\/p>\n\n\n\n<p>se realizar\u00e1 un corte programado de suministro el\u00e9ctrico, en horario de 10:30 a 16:30 horas, a ra\u00edz<\/p>\n\n\n\n<p>de trabajos de mantenimiento, los sectores afectados ser\u00e1n:<\/p>\n\n\n\n<p>Sector Vista Alegre &#8211; La Gloria<\/p>\n\n\n\n<p>CGE lamenta los inconvenientes que esta interrupci\u00f3n pueda ocasionar entre sus clientes y recuerda<\/p>\n\n\n\n<p>que toda consulta, puede ser derivada al Fono Clientes 800 800 767 o al canal de Twitter<\/p>\n\n\n\n<p>@CGE_CLIENTES, ambos con atenci\u00f3n las 24 horas del d\u00eda. Para una atenci\u00f3n m\u00e1s expedita, es<\/p>\n\n\n\n<p>importante que las personas tengan a mano su n\u00famero de cliente, que se encuentra impreso en la parte superior de su boleta<\/p>\n\n\n\n<figure class=\"wp-block-image size-large\"><a href=\"http:\/\/radioprimiciapelluhue.cl\/wp-content\/uploads\/2021\/08\/corte-de-luz.jpeg\"><img loading=\"lazy\" decoding=\"async\" width=\"1024\" height=\"1024\" src=\"http:\/\/radioprimiciapelluhue.cl\/wp-content\/uploads\/2021\/08\/corte-de-luz-1024x1024.jpeg\" alt=\"\" class=\"wp-image-3489\" srcset=\"https:\/\/radioprimiciapelluhue.cl\/wp-content\/uploads\/2021\/08\/corte-de-luz-1024x1024.jpeg 1024w, https:\/\/radioprimiciapelluhue.cl\/wp-content\/uploads\/2021\/08\/corte-de-luz-300x300.jpeg 300w, https:\/\/radioprimiciapelluhue.cl\/wp-content\/uploads\/2021\/08\/corte-de-luz-150x150.jpeg 150w, https:\/\/radioprimiciapelluhue.cl\/wp-content\/uploads\/2021\/08\/corte-de-luz-768x768.jpeg 768w, https:\/\/radioprimiciapelluhue.cl\/wp-content\/uploads\/2021\/08\/corte-de-luz-520x520.jpeg 520w, https:\/\/radioprimiciapelluhue.cl\/wp-content\/uploads\/2021\/08\/corte-de-luz-800x800.jpeg 800w, https:\/\/radioprimiciapelluhue.cl\/wp-content\/uploads\/2021\/08\/corte-de-luz-120x120.jpeg 120w, https:\/\/radioprimiciapelluhue.cl\/wp-content\/uploads\/2021\/08\/corte-de-luz.jpeg 1280w\" sizes=\"auto, (max-width: 1024px) 100vw, 1024px\" \/><\/a><\/figure>\n","protected":false},"excerpt":{"rendered":"<p>CGE informa a sus clientes de la comuna de Pelluhue, que el d\u00eda mi\u00e9rcoles 01 de septiembre 2021, se realizar\u00e1 un corte programado de suministro el\u00e9ctrico, en horario de 09:00 a 13:00 horas, a ra\u00edz de trabajos de mantenimiento, los sectores afectados ser\u00e1n:&nbsp; Sector Quilicura Norte Ruta M-80-N cruce con ruta M-910 CGE informa a [&hellip;]<\/p>\n","protected":false},"author":2,"featured_media":3489,"comment_status":"closed","ping_status":"closed","sticky":false,"template":"","format":"standard","meta":{"footnotes":""},"categories":[61],"tags":[],"class_list":["post-3488","post","type-post","status-publish","format-standard","has-post-thumbnail","hentry","category-informativo"],"_links":{"self":[{"href":"https:\/\/radioprimiciapelluhue.cl\/index.php?rest_route=\/wp\/v2\/posts\/3488","targetHints":{"allow":["GET"]}}],"collection":[{"href":"https:\/\/radioprimiciapelluhue.cl\/index.php?rest_route=\/wp\/v2\/posts"}],"about":[{"href":"https:\/\/radioprimiciapelluhue.cl\/index.php?rest_route=\/wp\/v2\/types\/post"}],"author":[{"embeddable":true,"href":"https:\/\/radioprimiciapelluhue.cl\/index.php?rest_route=\/wp\/v2\/users\/2"}],"replies":[{"embeddable":true,"href":"https:\/\/radioprimiciapelluhue.cl\/index.php?rest_route=%2Fwp%2Fv2%2Fcomments&post=3488"}],"version-history":[{"count":1,"href":"https:\/\/radioprimiciapelluhue.cl\/index.php?rest_route=\/wp\/v2\/posts\/3488\/revisions"}],"predecessor-version":[{"id":3490,"href":"https:\/\/radioprimiciapelluhue.cl\/index.php?rest_route=\/wp\/v2\/posts\/3488\/revisions\/3490"}],"wp:featuredmedia":[{"embeddable":true,"href":"https:\/\/radioprimiciapelluhue.cl\/index.php?rest_route=\/wp\/v2\/media\/3489"}],"wp:attachment":[{"href":"https:\/\/radioprimiciapelluhue.cl\/index.php?rest_route=%2Fwp%2Fv2%2Fmedia&parent=3488"}],"wp:term":[{"taxonomy":"category","embeddable":true,"href":"https:\/\/radioprimiciapelluhue.cl\/index.php?rest_route=%2Fwp%2Fv2%2Fcategories&post=3488"},{"taxonomy":"post_tag","embeddable":true,"href":"https:\/\/radioprimiciapelluhue.cl\/index.php?rest_route=%2Fwp%2Fv2%2Ftags&post=3488"}],"curies":[{"name":"wp","href":"https:\/\/api.w.org\/{rel}","templated":true}]}}