{"id":3498,"date":"2021-08-31T23:07:32","date_gmt":"2021-09-01T03:07:32","guid":{"rendered":"http:\/\/radioprimiciapelluhue.cl\/?p=3498"},"modified":"2021-08-31T23:07:32","modified_gmt":"2021-09-01T03:07:32","slug":"informe-covid19-de-hoy-31-de-agosto-2021","status":"publish","type":"post","link":"https:\/\/radioprimiciapelluhue.cl\/?p=3498","title":{"rendered":"Informe #Covid19 de hoy 31 de agosto 2021"},"content":{"rendered":"\n<p>Casos activos y fase en la Provincia<\/p>\n\n\n\n<p>Cauquenes #Fase3 preparaci\u00f3n Casos activos 32<\/p>\n\n\n\n<p>Pelluhue <a href=\"https:\/\/www.facebook.com\/hashtag\/fase3?__eep__=6&amp;__cft__%5b0%5d=AZXT5lLfWPSRzc8Oyk-99nzE3qwgK4mq18wBW44GW99CDCEAq1z_4q58ppSqVW-_wPRmyJHLjtV0M5__DBfQNT1sPIv7bQnCNJTegZ93sz_pyeRWE1AOHAtJ5QKz2HrSKb3Lcvl8SjiJRed7ycHuVD_aflAwplWvZ7suABWKw8IoZ50IfTEMEcd0ENDUmLOWBO4&amp;__tn__=*NK-R\">#Fase3<\/a> preparaci\u00f3n Casos Activos 11<\/p>\n\n\n\n<p>Chanco <a href=\"https:\/\/www.facebook.com\/hashtag\/fase4?__eep__=6&amp;__cft__%5b0%5d=AZXT5lLfWPSRzc8Oyk-99nzE3qwgK4mq18wBW44GW99CDCEAq1z_4q58ppSqVW-_wPRmyJHLjtV0M5__DBfQNT1sPIv7bQnCNJTegZ93sz_pyeRWE1AOHAtJ5QKz2HrSKb3Lcvl8SjiJRed7ycHuVD_aflAwplWvZ7suABWKw8IoZ50IfTEMEcd0ENDUmLOWBO4&amp;__tn__=*NK-R\">#Fase4<\/a> apertura casos Activos 0<\/p>\n\n\n\n<p>Siga cuid\u00e1ndose use la mascarilla, alcohol gel, mantenga distancia, no se den abrazos ni salude de besos<\/p>\n\n\n\n<p>Cuid\u00e9monos entre todos<\/p>\n\n\n\n<p><a href=\"https:\/\/www.gob.cl\/pasoapas\">https:\/\/www.gob.cl\/pasoapas<\/a><\/p>\n\n\n\n<p><\/p>\n\n\n\n<figure class=\"wp-block-image size-full\"><a href=\"http:\/\/radioprimiciapelluhue.cl\/wp-content\/uploads\/2021\/08\/240516924_2187014848104967_5387910775690079905_n.jpg\"><img loading=\"lazy\" decoding=\"async\" width=\"1024\" height=\"1024\" src=\"http:\/\/radioprimiciapelluhue.cl\/wp-content\/uploads\/2021\/08\/240516924_2187014848104967_5387910775690079905_n.jpg\" alt=\"\" class=\"wp-image-3499\" srcset=\"https:\/\/radioprimiciapelluhue.cl\/wp-content\/uploads\/2021\/08\/240516924_2187014848104967_5387910775690079905_n.jpg 1024w, https:\/\/radioprimiciapelluhue.cl\/wp-content\/uploads\/2021\/08\/240516924_2187014848104967_5387910775690079905_n-300x300.jpg 300w, https:\/\/radioprimiciapelluhue.cl\/wp-content\/uploads\/2021\/08\/240516924_2187014848104967_5387910775690079905_n-150x150.jpg 150w, https:\/\/radioprimiciapelluhue.cl\/wp-content\/uploads\/2021\/08\/240516924_2187014848104967_5387910775690079905_n-768x768.jpg 768w, https:\/\/radioprimiciapelluhue.cl\/wp-content\/uploads\/2021\/08\/240516924_2187014848104967_5387910775690079905_n-520x520.jpg 520w, https:\/\/radioprimiciapelluhue.cl\/wp-content\/uploads\/2021\/08\/240516924_2187014848104967_5387910775690079905_n-800x800.jpg 800w, https:\/\/radioprimiciapelluhue.cl\/wp-content\/uploads\/2021\/08\/240516924_2187014848104967_5387910775690079905_n-120x120.jpg 120w\" sizes=\"auto, (max-width: 1024px) 100vw, 1024px\" \/><\/a><\/figure>\n\n\n\n<figure class=\"wp-block-image size-large\"><a href=\"http:\/\/radioprimiciapelluhue.cl\/wp-content\/uploads\/2021\/08\/activos-covid19-en-la-Provincia.jpg\"><img loading=\"lazy\" decoding=\"async\" width=\"473\" height=\"1024\" src=\"http:\/\/radioprimiciapelluhue.cl\/wp-content\/uploads\/2021\/08\/activos-covid19-en-la-Provincia-473x1024.jpg\" alt=\"\" class=\"wp-image-3500\" srcset=\"https:\/\/radioprimiciapelluhue.cl\/wp-content\/uploads\/2021\/08\/activos-covid19-en-la-Provincia-473x1024.jpg 473w, https:\/\/radioprimiciapelluhue.cl\/wp-content\/uploads\/2021\/08\/activos-covid19-en-la-Provincia-139x300.jpg 139w, https:\/\/radioprimiciapelluhue.cl\/wp-content\/uploads\/2021\/08\/activos-covid19-en-la-Provincia-768x1663.jpg 768w, https:\/\/radioprimiciapelluhue.cl\/wp-content\/uploads\/2021\/08\/activos-covid19-en-la-Provincia-710x1536.jpg 710w, https:\/\/radioprimiciapelluhue.cl\/wp-content\/uploads\/2021\/08\/activos-covid19-en-la-Provincia.jpg 946w\" sizes=\"auto, (max-width: 473px) 100vw, 473px\" \/><\/a><\/figure>\n\n\n\n<figure class=\"wp-block-image size-large\"><a href=\"http:\/\/radioprimiciapelluhue.cl\/wp-content\/uploads\/2021\/08\/confirmados-covid19-en-la-Provincia.jpg\"><img loading=\"lazy\" decoding=\"async\" width=\"473\" height=\"1024\" src=\"http:\/\/radioprimiciapelluhue.cl\/wp-content\/uploads\/2021\/08\/confirmados-covid19-en-la-Provincia-473x1024.jpg\" alt=\"\" class=\"wp-image-3501\" srcset=\"https:\/\/radioprimiciapelluhue.cl\/wp-content\/uploads\/2021\/08\/confirmados-covid19-en-la-Provincia-473x1024.jpg 473w, https:\/\/radioprimiciapelluhue.cl\/wp-content\/uploads\/2021\/08\/confirmados-covid19-en-la-Provincia-139x300.jpg 139w, https:\/\/radioprimiciapelluhue.cl\/wp-content\/uploads\/2021\/08\/confirmados-covid19-en-la-Provincia-768x1663.jpg 768w, https:\/\/radioprimiciapelluhue.cl\/wp-content\/uploads\/2021\/08\/confirmados-covid19-en-la-Provincia-710x1536.jpg 710w, https:\/\/radioprimiciapelluhue.cl\/wp-content\/uploads\/2021\/08\/confirmados-covid19-en-la-Provincia.jpg 946w\" sizes=\"auto, (max-width: 473px) 100vw, 473px\" \/><\/a><\/figure>\n","protected":false},"excerpt":{"rendered":"<p>Casos activos y fase en la Provincia Cauquenes #Fase3 preparaci\u00f3n Casos activos 32 Pelluhue #Fase3 preparaci\u00f3n Casos Activos 11 Chanco #Fase4 apertura casos Activos 0 Siga cuid\u00e1ndose use la mascarilla, alcohol gel, mantenga distancia, no se den abrazos ni salude de besos Cuid\u00e9monos entre todos https:\/\/www.gob.cl\/pasoapas<\/p>\n","protected":false},"author":2,"featured_media":2916,"comment_status":"closed","ping_status":"closed","sticky":false,"template":"","format":"standard","meta":{"footnotes":""},"categories":[57],"tags":[],"class_list":["post-3498","post","type-post","status-publish","format-standard","has-post-thumbnail","hentry","category-covid19"],"_links":{"self":[{"href":"https:\/\/radioprimiciapelluhue.cl\/index.php?rest_route=\/wp\/v2\/posts\/3498","targetHints":{"allow":["GET"]}}],"collection":[{"href":"https:\/\/radioprimiciapelluhue.cl\/index.php?rest_route=\/wp\/v2\/posts"}],"about":[{"href":"https:\/\/radioprimiciapelluhue.cl\/index.php?rest_route=\/wp\/v2\/types\/post"}],"author":[{"embeddable":true,"href":"https:\/\/radioprimiciapelluhue.cl\/index.php?rest_route=\/wp\/v2\/users\/2"}],"replies":[{"embeddable":true,"href":"https:\/\/radioprimiciapelluhue.cl\/index.php?rest_route=%2Fwp%2Fv2%2Fcomments&post=3498"}],"version-history":[{"count":1,"href":"https:\/\/radioprimiciapelluhue.cl\/index.php?rest_route=\/wp\/v2\/posts\/3498\/revisions"}],"predecessor-version":[{"id":3502,"href":"https:\/\/radioprimiciapelluhue.cl\/index.php?rest_route=\/wp\/v2\/posts\/3498\/revisions\/3502"}],"wp:featuredmedia":[{"embeddable":true,"href":"https:\/\/radioprimiciapelluhue.cl\/index.php?rest_route=\/wp\/v2\/media\/2916"}],"wp:attachment":[{"href":"https:\/\/radioprimiciapelluhue.cl\/index.php?rest_route=%2Fwp%2Fv2%2Fmedia&parent=3498"}],"wp:term":[{"taxonomy":"category","embeddable":true,"href":"https:\/\/radioprimiciapelluhue.cl\/index.php?rest_route=%2Fwp%2Fv2%2Fcategories&post=3498"},{"taxonomy":"post_tag","embeddable":true,"href":"https:\/\/radioprimiciapelluhue.cl\/index.php?rest_route=%2Fwp%2Fv2%2Ftags&post=3498"}],"curies":[{"name":"wp","href":"https:\/\/api.w.org\/{rel}","templated":true}]}}