{"id":3535,"date":"2021-09-06T22:31:20","date_gmt":"2021-09-07T02:31:20","guid":{"rendered":"http:\/\/radioprimiciapelluhue.cl\/?p=3535"},"modified":"2021-09-06T22:32:27","modified_gmt":"2021-09-07T02:32:27","slug":"reunion-chanco-agua-los-medanos-06-de-septiembre-2021","status":"publish","type":"post","link":"https:\/\/radioprimiciapelluhue.cl\/?p=3535","title":{"rendered":"REUNION CHANCO AGUA LOS MEDANOS 06 DE SEPTIEMBRE 2021"},"content":{"rendered":"\n<p>En una entretenida Reuni\u00f3n junto al alcalde de Chanco y vecinos del sector los M\u00e9danos se expuso una maqueta y la problem\u00e1tica cada vez mas preocupante por la escases de agua. La finalidad es contar con la primera planta desalinizadora en la Comuna<\/p>\n\n\n\n<p><a href=\"https:\/\/youtu.be\/MJ5ElHWK2Ww \">https:\/\/youtu.be\/MJ5ElHWK2Ww <\/a><\/p>\n\n\n\n<figure class=\"wp-block-image size-large\"><a href=\"http:\/\/radioprimiciapelluhue.cl\/wp-content\/uploads\/2021\/09\/REUNION-AGUA-CHANCO-NACE2.jpg\"><img loading=\"lazy\" decoding=\"async\" width=\"1024\" height=\"576\" src=\"http:\/\/radioprimiciapelluhue.cl\/wp-content\/uploads\/2021\/09\/REUNION-AGUA-CHANCO-NACE2-1024x576.jpg\" alt=\"\" class=\"wp-image-3537\" srcset=\"https:\/\/radioprimiciapelluhue.cl\/wp-content\/uploads\/2021\/09\/REUNION-AGUA-CHANCO-NACE2-1024x576.jpg 1024w, https:\/\/radioprimiciapelluhue.cl\/wp-content\/uploads\/2021\/09\/REUNION-AGUA-CHANCO-NACE2-300x169.jpg 300w, https:\/\/radioprimiciapelluhue.cl\/wp-content\/uploads\/2021\/09\/REUNION-AGUA-CHANCO-NACE2-768x432.jpg 768w, https:\/\/radioprimiciapelluhue.cl\/wp-content\/uploads\/2021\/09\/REUNION-AGUA-CHANCO-NACE2-727x409.jpg 727w, https:\/\/radioprimiciapelluhue.cl\/wp-content\/uploads\/2021\/09\/REUNION-AGUA-CHANCO-NACE2-1110x624.jpg 1110w, https:\/\/radioprimiciapelluhue.cl\/wp-content\/uploads\/2021\/09\/REUNION-AGUA-CHANCO-NACE2-720x406.jpg 720w, https:\/\/radioprimiciapelluhue.cl\/wp-content\/uploads\/2021\/09\/REUNION-AGUA-CHANCO-NACE2-750x422.jpg 750w, https:\/\/radioprimiciapelluhue.cl\/wp-content\/uploads\/2021\/09\/REUNION-AGUA-CHANCO-NACE2.jpg 1366w\" sizes=\"auto, (max-width: 1024px) 100vw, 1024px\" \/><\/a><\/figure>\n","protected":false},"excerpt":{"rendered":"<p>En una entretenida Reuni\u00f3n junto al alcalde de Chanco y vecinos del sector los M\u00e9danos se expuso una maqueta y la problem\u00e1tica cada vez mas preocupante por la escases de agua. La finalidad es contar con la primera planta desalinizadora en la Comuna https:\/\/youtu.be\/MJ5ElHWK2Ww<\/p>\n","protected":false},"author":2,"featured_media":3536,"comment_status":"closed","ping_status":"closed","sticky":false,"template":"","format":"standard","meta":{"footnotes":""},"categories":[2],"tags":[],"class_list":["post-3535","post","type-post","status-publish","format-standard","has-post-thumbnail","hentry","category-noticias"],"_links":{"self":[{"href":"https:\/\/radioprimiciapelluhue.cl\/index.php?rest_route=\/wp\/v2\/posts\/3535","targetHints":{"allow":["GET"]}}],"collection":[{"href":"https:\/\/radioprimiciapelluhue.cl\/index.php?rest_route=\/wp\/v2\/posts"}],"about":[{"href":"https:\/\/radioprimiciapelluhue.cl\/index.php?rest_route=\/wp\/v2\/types\/post"}],"author":[{"embeddable":true,"href":"https:\/\/radioprimiciapelluhue.cl\/index.php?rest_route=\/wp\/v2\/users\/2"}],"replies":[{"embeddable":true,"href":"https:\/\/radioprimiciapelluhue.cl\/index.php?rest_route=%2Fwp%2Fv2%2Fcomments&post=3535"}],"version-history":[{"count":2,"href":"https:\/\/radioprimiciapelluhue.cl\/index.php?rest_route=\/wp\/v2\/posts\/3535\/revisions"}],"predecessor-version":[{"id":3540,"href":"https:\/\/radioprimiciapelluhue.cl\/index.php?rest_route=\/wp\/v2\/posts\/3535\/revisions\/3540"}],"wp:featuredmedia":[{"embeddable":true,"href":"https:\/\/radioprimiciapelluhue.cl\/index.php?rest_route=\/wp\/v2\/media\/3536"}],"wp:attachment":[{"href":"https:\/\/radioprimiciapelluhue.cl\/index.php?rest_route=%2Fwp%2Fv2%2Fmedia&parent=3535"}],"wp:term":[{"taxonomy":"category","embeddable":true,"href":"https:\/\/radioprimiciapelluhue.cl\/index.php?rest_route=%2Fwp%2Fv2%2Fcategories&post=3535"},{"taxonomy":"post_tag","embeddable":true,"href":"https:\/\/radioprimiciapelluhue.cl\/index.php?rest_route=%2Fwp%2Fv2%2Ftags&post=3535"}],"curies":[{"name":"wp","href":"https:\/\/api.w.org\/{rel}","templated":true}]}}