{"id":3564,"date":"2021-09-13T21:58:53","date_gmt":"2021-09-14T01:58:53","guid":{"rendered":"http:\/\/radioprimiciapelluhue.cl\/?p=3564"},"modified":"2021-09-13T21:58:53","modified_gmt":"2021-09-14T01:58:53","slug":"direccion-regional-del-trabajo-insta-a-empleadores-a-cumplir-con-el-feriado-obligatorio-e-irrenunciable-de-los-trabajadores-del-comercio","status":"publish","type":"post","link":"https:\/\/radioprimiciapelluhue.cl\/?p=3564","title":{"rendered":"Direcci\u00f3n Regional del Trabajo insta a empleadores a cumplir con el feriado obligatorio e irrenunciable de los trabajadores del comercio"},"content":{"rendered":"\n<ul class=\"wp-block-list\"><li><strong><em>Multas por no respetar el doble festivo de Fiestas Patrias pueden superar el mill\u00f3n de pesos por cada trabajador afectado por la infracci\u00f3n.<\/em><\/strong><\/li><\/ul>\n\n\n\n<p>Un llamado a los empleadores del comercio a respetar el feriado obligatorio e irrenunciable de sus trabajadores este 18 y 19 de septiembre hizo la Direcci\u00f3n Regional del Trabajo Maule.<\/p>\n\n\n\n<p>La Directora Regional del Trabajo, Pilar Sazo, record\u00f3 que el doble feriado significa que el comercio debe estar cerrado desde las 21:00 horas del viernes 17 de septiembre y hasta las 06:00 horas del lunes 20 de septiembre de 2021.<\/p>\n\n\n\n<p>La DT recibir\u00e1 las denuncias en el sitio <a href=\"http:\/\/www.direcciondeltrabajo.cl\">www.direcciondeltrabajo.cl<\/a> y tambi\u00e9n en el n\u00famero 600 450 4000.<\/p>\n\n\n\n<p><strong>Trabajadores favorecidos y exceptuados<\/strong><\/p>\n\n\n\n<p>Son considerados como trabajadores del comercio todos aquellos que laboran en un establecimiento de tal naturaleza y cuyas funciones se relacionen con el expendio o venta directa al p\u00fablico de las mercader\u00edas o productos que en ellos se ofrecen.<\/p>\n\n\n\n<p>Se except\u00faan del feriado obligatorio e irrenunciable&nbsp; del 18 y 19 de septiembre los trabajadores del comercio que se desempe\u00f1an en: restaurantes; establecimientos de entretenimiento, tales como cines, espect\u00e1culos en vivo, discotecas, pub, cabaret; locales comerciales en los aer\u00f3dromos civiles p\u00fablicos y aeropuertos; casinos de juegos y otros lugares de juegos legalmente autorizados; expendio de combustibles, farmacias de urgencia y farmacias que deban cumplir turnos fijados por la autoridad sanitaria. Tambi\u00e9n est\u00e1n exceptuados los dependientes de las llamadas \u00abtiendas de conveniencia\u00bb adosadas a los servicentros si venden alimentos preparados all\u00ed mismo.<\/p>\n\n\n\n<p>Como compensaci\u00f3n, desde 2016 los trabajadores que est\u00e9n exceptuados del feriado obligatorio e irrenunciable -esta vez del 18 y 19 de septiembre- s\u00ed pueden descansar a lo menos una vez cada dos a\u00f1os si contin\u00faan contratados por el mismo empleador, pudiendo pactar con \u00e9l la rotaci\u00f3n del personal necesaria para este fin. Por ejemplo, si un trabajador labor\u00f3 el 18 y 19 de septiembre del 2020 y contin\u00faa trabajando para el mismo empleador, esta vez deber\u00e1 descansar.<\/p>\n\n\n\n<p><strong>Sanciones<\/strong><\/p>\n\n\n\n<p>En esta ocasi\u00f3n, el empleador que no cumpla con otorgar el feriado obligatorio e irrenunciable o no dar el descanso alternado cada dos a\u00f1os se expone a multas que van desde las 5 ($263.155) hasta las 20 ($1.052.620) UTM por cada trabajador afectado por la infracci\u00f3n.<\/p>\n\n\n\n<p>El a\u00f1o pasado en todo el pa\u00eds 15 empresas fueron multadas por no respetar el feriado, por un total de 20 millones de pesos. Los locales comerciales atendidos por sus propios due\u00f1os y\/o familiares directos pueden abrir, debido a que no existe relaci\u00f3n laboral en este caso<\/p>\n\n\n\n<figure class=\"wp-block-image size-full\"><a href=\"http:\/\/radioprimiciapelluhue.cl\/wp-content\/uploads\/2021\/09\/WhatsApp-Image-2021-09-13-at-22.28.39.jpeg\"><img loading=\"lazy\" decoding=\"async\" width=\"905\" height=\"601\" src=\"http:\/\/radioprimiciapelluhue.cl\/wp-content\/uploads\/2021\/09\/WhatsApp-Image-2021-09-13-at-22.28.39.jpeg\" alt=\"\" class=\"wp-image-3565\" srcset=\"https:\/\/radioprimiciapelluhue.cl\/wp-content\/uploads\/2021\/09\/WhatsApp-Image-2021-09-13-at-22.28.39.jpeg 905w, https:\/\/radioprimiciapelluhue.cl\/wp-content\/uploads\/2021\/09\/WhatsApp-Image-2021-09-13-at-22.28.39-300x199.jpeg 300w, https:\/\/radioprimiciapelluhue.cl\/wp-content\/uploads\/2021\/09\/WhatsApp-Image-2021-09-13-at-22.28.39-768x510.jpeg 768w\" sizes=\"auto, (max-width: 905px) 100vw, 905px\" \/><\/a><\/figure>\n","protected":false},"excerpt":{"rendered":"<p>Multas por no respetar el doble festivo de Fiestas Patrias pueden superar el mill\u00f3n de pesos por cada trabajador afectado por la infracci\u00f3n. Un llamado a los empleadores del comercio a respetar el feriado obligatorio e irrenunciable de sus trabajadores este 18 y 19 de septiembre hizo la Direcci\u00f3n Regional del Trabajo Maule. La Directora [&hellip;]<\/p>\n","protected":false},"author":2,"featured_media":0,"comment_status":"closed","ping_status":"closed","sticky":false,"template":"","format":"standard","meta":{"footnotes":""},"categories":[2],"tags":[],"class_list":["post-3564","post","type-post","status-publish","format-standard","hentry","category-noticias"],"_links":{"self":[{"href":"https:\/\/radioprimiciapelluhue.cl\/index.php?rest_route=\/wp\/v2\/posts\/3564","targetHints":{"allow":["GET"]}}],"collection":[{"href":"https:\/\/radioprimiciapelluhue.cl\/index.php?rest_route=\/wp\/v2\/posts"}],"about":[{"href":"https:\/\/radioprimiciapelluhue.cl\/index.php?rest_route=\/wp\/v2\/types\/post"}],"author":[{"embeddable":true,"href":"https:\/\/radioprimiciapelluhue.cl\/index.php?rest_route=\/wp\/v2\/users\/2"}],"replies":[{"embeddable":true,"href":"https:\/\/radioprimiciapelluhue.cl\/index.php?rest_route=%2Fwp%2Fv2%2Fcomments&post=3564"}],"version-history":[{"count":1,"href":"https:\/\/radioprimiciapelluhue.cl\/index.php?rest_route=\/wp\/v2\/posts\/3564\/revisions"}],"predecessor-version":[{"id":3566,"href":"https:\/\/radioprimiciapelluhue.cl\/index.php?rest_route=\/wp\/v2\/posts\/3564\/revisions\/3566"}],"wp:attachment":[{"href":"https:\/\/radioprimiciapelluhue.cl\/index.php?rest_route=%2Fwp%2Fv2%2Fmedia&parent=3564"}],"wp:term":[{"taxonomy":"category","embeddable":true,"href":"https:\/\/radioprimiciapelluhue.cl\/index.php?rest_route=%2Fwp%2Fv2%2Fcategories&post=3564"},{"taxonomy":"post_tag","embeddable":true,"href":"https:\/\/radioprimiciapelluhue.cl\/index.php?rest_route=%2Fwp%2Fv2%2Ftags&post=3564"}],"curies":[{"name":"wp","href":"https:\/\/api.w.org\/{rel}","templated":true}]}}