{"id":3575,"date":"2021-09-27T22:33:23","date_gmt":"2021-09-28T02:33:23","guid":{"rendered":"http:\/\/radioprimiciapelluhue.cl\/?p=3575"},"modified":"2021-09-27T22:33:24","modified_gmt":"2021-09-28T02:33:24","slug":"actualizacion-plan-paso-a-paso","status":"publish","type":"post","link":"https:\/\/radioprimiciapelluhue.cl\/?p=3575","title":{"rendered":"Actualizaci\u00f3n Plan Paso a Paso"},"content":{"rendered":"\n<p>este 01 de octubre se termina el toque de queda en el<br>pa\u00eds, aqu\u00ed te explicamos los pasos.<br>El Plan \u201cPaso a Paso nos cuidamos\u201d se implement\u00f3 en julio de 2020 como una estrategia<br>gradual para enfrentar la pandemia seg\u00fan la situaci\u00f3n sanitaria de cada zona de nuestro<br>pa\u00eds.<br>Desde su implementaci\u00f3n, la situaci\u00f3n sanitaria, econ\u00f3mica, social de nuestro pa\u00eds ha ido<br>cambiando, por lo que ha sido necesario evaluar y actualizar los alcances de este plan, el<br>que se ha desarrollado siempre en un estatus de Estado de Cat\u00e1strofe, cuya vigencia<br>termina el 30 de septiembre.<br>Como la pandemia sigue presente, Chile mantendr\u00e1 un Estado de Alerta Sanitaria, por lo<br>que se han dispuesto adecuaciones en el Plan Paso a Paso para mantener medidas y<br>restricciones que ayuden a mitigar los contagios.<br>Las principales actualizaciones son:<br>Se mantiene la estructura principal del Paso a Paso de 5 pasos entre los que se avanza y<br>retrocede, de acuerdo a la situaci\u00f3n sanitaria de cada territorio. Estos son:<br>Restricci\u00f3n<br>Transici\u00f3n<br>Preparaci\u00f3n<br>Apertura Inicial<br>Apertura Avanzada<br>Todas las medidas para cada paso tendr\u00e1n vigencia los siete d\u00edas de la semana y ya no<br>habr\u00e1 restricci\u00f3n de movilidad.<br>Principales cambios en aforos y en la operaci\u00f3n de actividades. En todos los pasos se<br>podr\u00e1 realizar cualquier tipo de actividad, pero con aforos y condiciones m\u00e1s o menos<br>restrictivas dependiendo de la condici\u00f3n sanitaria del lugar. De esta manera, se apunta a<br>reducir las aglomeraciones, sobre todo en espacios cerrados, y se norma de acuerdo al<br>tama\u00f1o (m2) u otras caracter\u00edsticas del lugar.<br>El Pase de Movilidad mantendr\u00e1 su vigencia e importancia para mayores libertades. El<br>estar vacunado seguir\u00e1 permitiendo la diferenciaci\u00f3n de aforos en reuniones particulares<br>y espacios p\u00fablicos. Desde el 1 de noviembre, se exigir\u00e1 Pase de Movilidad para los<br>mayores de 12 a\u00f1os y habr\u00e1 restricciones en transporte p\u00fablico interurbano como buses<br>y aviones.<br>Mantenci\u00f3n y reforzamiento de medidas de autocuidado. Se mantienen las exigencias de<br>uso de mascarilla y distancia f\u00edsica entre personas, y se reforzar\u00e1 el llamado a mantener<br>las medidas de autocuidado como el lavado de manos, la ventilaci\u00f3n de espacios y la<br>responsabilidad individual de testearnos y aislarnos oportunamente ante la presencia de<br>s\u00edntomas o sospecha de contagio.<br>Desde el 1 de octubre, el requisito de portar el pasaporte sanitario C19 ser\u00e1 solo para<br>viajes interregionales en medios de transporte p\u00fablicos (avi\u00f3n, bus o tren), donde ser\u00e1<br>exigido y revisado por el operador. Desde el 1 de noviembre, se eliminar\u00e1 el C19 y s\u00f3lo se<br>revisar\u00e1 el Pase de Movilidad.<br>Se incorpora una modificaci\u00f3n a las actividades con p\u00fablico que no interact\u00faa y que tiene<br>infraestructura fija (butacas o bancas), es decir, un aforo m\u00e1ximo definido con antelaci\u00f3n<\/p>\n\n\n\n<p><\/p>\n\n\n\n<figure class=\"wp-block-image size-large\"><a href=\"http:\/\/radioprimiciapelluhue.cl\/wp-content\/uploads\/2021\/09\/240519506_2210358119103973_3553635841433447008_n.jpg\"><img loading=\"lazy\" decoding=\"async\" width=\"1024\" height=\"1024\" src=\"http:\/\/radioprimiciapelluhue.cl\/wp-content\/uploads\/2021\/09\/240519506_2210358119103973_3553635841433447008_n-1024x1024.jpg\" alt=\"\" class=\"wp-image-3576\" srcset=\"https:\/\/radioprimiciapelluhue.cl\/wp-content\/uploads\/2021\/09\/240519506_2210358119103973_3553635841433447008_n-1024x1024.jpg 1024w, https:\/\/radioprimiciapelluhue.cl\/wp-content\/uploads\/2021\/09\/240519506_2210358119103973_3553635841433447008_n-300x300.jpg 300w, https:\/\/radioprimiciapelluhue.cl\/wp-content\/uploads\/2021\/09\/240519506_2210358119103973_3553635841433447008_n-150x150.jpg 150w, https:\/\/radioprimiciapelluhue.cl\/wp-content\/uploads\/2021\/09\/240519506_2210358119103973_3553635841433447008_n-768x768.jpg 768w, https:\/\/radioprimiciapelluhue.cl\/wp-content\/uploads\/2021\/09\/240519506_2210358119103973_3553635841433447008_n-520x520.jpg 520w, https:\/\/radioprimiciapelluhue.cl\/wp-content\/uploads\/2021\/09\/240519506_2210358119103973_3553635841433447008_n-800x800.jpg 800w, https:\/\/radioprimiciapelluhue.cl\/wp-content\/uploads\/2021\/09\/240519506_2210358119103973_3553635841433447008_n-120x120.jpg 120w, https:\/\/radioprimiciapelluhue.cl\/wp-content\/uploads\/2021\/09\/240519506_2210358119103973_3553635841433447008_n.jpg 1080w\" sizes=\"auto, (max-width: 1024px) 100vw, 1024px\" \/><\/a><\/figure>\n\n\n\n<figure class=\"wp-block-image size-large\"><a href=\"http:\/\/radioprimiciapelluhue.cl\/wp-content\/uploads\/2021\/09\/240524015_2210358089103976_5519770968234596226_n.jpg\"><img loading=\"lazy\" decoding=\"async\" width=\"1024\" height=\"1024\" src=\"http:\/\/radioprimiciapelluhue.cl\/wp-content\/uploads\/2021\/09\/240524015_2210358089103976_5519770968234596226_n-1024x1024.jpg\" alt=\"\" class=\"wp-image-3577\" srcset=\"https:\/\/radioprimiciapelluhue.cl\/wp-content\/uploads\/2021\/09\/240524015_2210358089103976_5519770968234596226_n-1024x1024.jpg 1024w, https:\/\/radioprimiciapelluhue.cl\/wp-content\/uploads\/2021\/09\/240524015_2210358089103976_5519770968234596226_n-300x300.jpg 300w, https:\/\/radioprimiciapelluhue.cl\/wp-content\/uploads\/2021\/09\/240524015_2210358089103976_5519770968234596226_n-150x150.jpg 150w, https:\/\/radioprimiciapelluhue.cl\/wp-content\/uploads\/2021\/09\/240524015_2210358089103976_5519770968234596226_n-768x768.jpg 768w, https:\/\/radioprimiciapelluhue.cl\/wp-content\/uploads\/2021\/09\/240524015_2210358089103976_5519770968234596226_n-520x520.jpg 520w, https:\/\/radioprimiciapelluhue.cl\/wp-content\/uploads\/2021\/09\/240524015_2210358089103976_5519770968234596226_n-800x800.jpg 800w, https:\/\/radioprimiciapelluhue.cl\/wp-content\/uploads\/2021\/09\/240524015_2210358089103976_5519770968234596226_n-120x120.jpg 120w, https:\/\/radioprimiciapelluhue.cl\/wp-content\/uploads\/2021\/09\/240524015_2210358089103976_5519770968234596226_n.jpg 1080w\" sizes=\"auto, (max-width: 1024px) 100vw, 1024px\" \/><\/a><\/figure>\n\n\n\n<figure class=\"wp-block-image size-large\"><a href=\"http:\/\/radioprimiciapelluhue.cl\/wp-content\/uploads\/2021\/09\/241234565_2210358025770649_6561774853946922784_n.jpg\"><img loading=\"lazy\" decoding=\"async\" width=\"1024\" height=\"1024\" src=\"http:\/\/radioprimiciapelluhue.cl\/wp-content\/uploads\/2021\/09\/241234565_2210358025770649_6561774853946922784_n-1024x1024.jpg\" alt=\"\" class=\"wp-image-3578\" srcset=\"https:\/\/radioprimiciapelluhue.cl\/wp-content\/uploads\/2021\/09\/241234565_2210358025770649_6561774853946922784_n-1024x1024.jpg 1024w, https:\/\/radioprimiciapelluhue.cl\/wp-content\/uploads\/2021\/09\/241234565_2210358025770649_6561774853946922784_n-300x300.jpg 300w, https:\/\/radioprimiciapelluhue.cl\/wp-content\/uploads\/2021\/09\/241234565_2210358025770649_6561774853946922784_n-150x150.jpg 150w, https:\/\/radioprimiciapelluhue.cl\/wp-content\/uploads\/2021\/09\/241234565_2210358025770649_6561774853946922784_n-768x768.jpg 768w, https:\/\/radioprimiciapelluhue.cl\/wp-content\/uploads\/2021\/09\/241234565_2210358025770649_6561774853946922784_n-520x520.jpg 520w, https:\/\/radioprimiciapelluhue.cl\/wp-content\/uploads\/2021\/09\/241234565_2210358025770649_6561774853946922784_n-800x800.jpg 800w, https:\/\/radioprimiciapelluhue.cl\/wp-content\/uploads\/2021\/09\/241234565_2210358025770649_6561774853946922784_n-120x120.jpg 120w, https:\/\/radioprimiciapelluhue.cl\/wp-content\/uploads\/2021\/09\/241234565_2210358025770649_6561774853946922784_n.jpg 1080w\" sizes=\"auto, (max-width: 1024px) 100vw, 1024px\" \/><\/a><\/figure>\n\n\n\n<figure class=\"wp-block-image size-large\"><a href=\"http:\/\/radioprimiciapelluhue.cl\/wp-content\/uploads\/2021\/09\/241255272_2210358045770647_8320414984480484760_n.jpg\"><img loading=\"lazy\" decoding=\"async\" width=\"1024\" height=\"1024\" src=\"http:\/\/radioprimiciapelluhue.cl\/wp-content\/uploads\/2021\/09\/241255272_2210358045770647_8320414984480484760_n-1024x1024.jpg\" alt=\"\" class=\"wp-image-3580\" srcset=\"https:\/\/radioprimiciapelluhue.cl\/wp-content\/uploads\/2021\/09\/241255272_2210358045770647_8320414984480484760_n-1024x1024.jpg 1024w, https:\/\/radioprimiciapelluhue.cl\/wp-content\/uploads\/2021\/09\/241255272_2210358045770647_8320414984480484760_n-300x300.jpg 300w, https:\/\/radioprimiciapelluhue.cl\/wp-content\/uploads\/2021\/09\/241255272_2210358045770647_8320414984480484760_n-150x150.jpg 150w, https:\/\/radioprimiciapelluhue.cl\/wp-content\/uploads\/2021\/09\/241255272_2210358045770647_8320414984480484760_n-768x768.jpg 768w, https:\/\/radioprimiciapelluhue.cl\/wp-content\/uploads\/2021\/09\/241255272_2210358045770647_8320414984480484760_n-520x520.jpg 520w, https:\/\/radioprimiciapelluhue.cl\/wp-content\/uploads\/2021\/09\/241255272_2210358045770647_8320414984480484760_n-800x800.jpg 800w, https:\/\/radioprimiciapelluhue.cl\/wp-content\/uploads\/2021\/09\/241255272_2210358045770647_8320414984480484760_n-120x120.jpg 120w, https:\/\/radioprimiciapelluhue.cl\/wp-content\/uploads\/2021\/09\/241255272_2210358045770647_8320414984480484760_n.jpg 1080w\" sizes=\"auto, (max-width: 1024px) 100vw, 1024px\" \/><\/a><\/figure>\n","protected":false},"excerpt":{"rendered":"<p>este 01 de octubre se termina el toque de queda en elpa\u00eds, aqu\u00ed te explicamos los pasos.El Plan \u201cPaso a Paso nos cuidamos\u201d se implement\u00f3 en julio de 2020 como una estrategiagradual para enfrentar la pandemia seg\u00fan la situaci\u00f3n sanitaria de cada zona de nuestropa\u00eds.Desde su implementaci\u00f3n, la situaci\u00f3n sanitaria, econ\u00f3mica, social de nuestro pa\u00eds [&hellip;]<\/p>\n","protected":false},"author":2,"featured_media":3581,"comment_status":"closed","ping_status":"closed","sticky":false,"template":"","format":"standard","meta":{"footnotes":""},"categories":[57],"tags":[],"class_list":["post-3575","post","type-post","status-publish","format-standard","has-post-thumbnail","hentry","category-covid19"],"_links":{"self":[{"href":"https:\/\/radioprimiciapelluhue.cl\/index.php?rest_route=\/wp\/v2\/posts\/3575","targetHints":{"allow":["GET"]}}],"collection":[{"href":"https:\/\/radioprimiciapelluhue.cl\/index.php?rest_route=\/wp\/v2\/posts"}],"about":[{"href":"https:\/\/radioprimiciapelluhue.cl\/index.php?rest_route=\/wp\/v2\/types\/post"}],"author":[{"embeddable":true,"href":"https:\/\/radioprimiciapelluhue.cl\/index.php?rest_route=\/wp\/v2\/users\/2"}],"replies":[{"embeddable":true,"href":"https:\/\/radioprimiciapelluhue.cl\/index.php?rest_route=%2Fwp%2Fv2%2Fcomments&post=3575"}],"version-history":[{"count":1,"href":"https:\/\/radioprimiciapelluhue.cl\/index.php?rest_route=\/wp\/v2\/posts\/3575\/revisions"}],"predecessor-version":[{"id":3582,"href":"https:\/\/radioprimiciapelluhue.cl\/index.php?rest_route=\/wp\/v2\/posts\/3575\/revisions\/3582"}],"wp:featuredmedia":[{"embeddable":true,"href":"https:\/\/radioprimiciapelluhue.cl\/index.php?rest_route=\/wp\/v2\/media\/3581"}],"wp:attachment":[{"href":"https:\/\/radioprimiciapelluhue.cl\/index.php?rest_route=%2Fwp%2Fv2%2Fmedia&parent=3575"}],"wp:term":[{"taxonomy":"category","embeddable":true,"href":"https:\/\/radioprimiciapelluhue.cl\/index.php?rest_route=%2Fwp%2Fv2%2Fcategories&post=3575"},{"taxonomy":"post_tag","embeddable":true,"href":"https:\/\/radioprimiciapelluhue.cl\/index.php?rest_route=%2Fwp%2Fv2%2Ftags&post=3575"}],"curies":[{"name":"wp","href":"https:\/\/api.w.org\/{rel}","templated":true}]}}