{"id":3592,"date":"2021-09-28T22:02:02","date_gmt":"2021-09-29T02:02:02","guid":{"rendered":"http:\/\/radioprimiciapelluhue.cl\/?p=3592"},"modified":"2021-09-28T22:02:03","modified_gmt":"2021-09-29T02:02:03","slug":"nos-visita-el-director-del-servicio-de-salud-del-maule","status":"publish","type":"post","link":"https:\/\/radioprimiciapelluhue.cl\/?p=3592","title":{"rendered":"Nos visita el director del Servicio de Salud del Maule"},"content":{"rendered":"\n<p>Nos visita el director del Servicio de Salud del Maule el Doctor Luis Jaime Gaete. hablaremos temas important\u00edsimos de la regi\u00f3n y de la comuna como el SESFAM<\/p>\n\n\n\n<p>En esta oportunidad hablamos temas como el covid19 y su trabajo en los funcionarios de distintas partes de la regi\u00f3n. Como tambi\u00e9n el SESFAM de la comuna que muy pronto ya estar\u00e1 en etapa decisiva, tambi\u00e9n hablamos de los adultos mayores y de los distintos profesionales y las falencias en falta de especialistas en la regi\u00f3n.<\/p>\n\n\n\n<p><a href=\"https:\/\/www.facebook.com\/gottomania.radioprimiciapelluhue\/videos\/1058607021557564\">https:\/\/www.facebook.com\/gottomania.radioprimiciapelluhue\/videos\/1058607021557564<\/a><\/p>\n\n\n\n<p><\/p>\n","protected":false},"excerpt":{"rendered":"<p>Nos visita el director del Servicio de Salud del Maule el Doctor Luis Jaime Gaete. hablaremos temas important\u00edsimos de la regi\u00f3n y de la comuna como el SESFAM En esta oportunidad hablamos temas como el covid19 y su trabajo en los funcionarios de distintas partes de la regi\u00f3n. Como tambi\u00e9n el SESFAM de la comuna [&hellip;]<\/p>\n","protected":false},"author":2,"featured_media":3593,"comment_status":"closed","ping_status":"closed","sticky":false,"template":"","format":"standard","meta":{"footnotes":""},"categories":[55],"tags":[],"class_list":["post-3592","post","type-post","status-publish","format-standard","has-post-thumbnail","hentry","category-entrevistas"],"_links":{"self":[{"href":"https:\/\/radioprimiciapelluhue.cl\/index.php?rest_route=\/wp\/v2\/posts\/3592","targetHints":{"allow":["GET"]}}],"collection":[{"href":"https:\/\/radioprimiciapelluhue.cl\/index.php?rest_route=\/wp\/v2\/posts"}],"about":[{"href":"https:\/\/radioprimiciapelluhue.cl\/index.php?rest_route=\/wp\/v2\/types\/post"}],"author":[{"embeddable":true,"href":"https:\/\/radioprimiciapelluhue.cl\/index.php?rest_route=\/wp\/v2\/users\/2"}],"replies":[{"embeddable":true,"href":"https:\/\/radioprimiciapelluhue.cl\/index.php?rest_route=%2Fwp%2Fv2%2Fcomments&post=3592"}],"version-history":[{"count":1,"href":"https:\/\/radioprimiciapelluhue.cl\/index.php?rest_route=\/wp\/v2\/posts\/3592\/revisions"}],"predecessor-version":[{"id":3594,"href":"https:\/\/radioprimiciapelluhue.cl\/index.php?rest_route=\/wp\/v2\/posts\/3592\/revisions\/3594"}],"wp:featuredmedia":[{"embeddable":true,"href":"https:\/\/radioprimiciapelluhue.cl\/index.php?rest_route=\/wp\/v2\/media\/3593"}],"wp:attachment":[{"href":"https:\/\/radioprimiciapelluhue.cl\/index.php?rest_route=%2Fwp%2Fv2%2Fmedia&parent=3592"}],"wp:term":[{"taxonomy":"category","embeddable":true,"href":"https:\/\/radioprimiciapelluhue.cl\/index.php?rest_route=%2Fwp%2Fv2%2Fcategories&post=3592"},{"taxonomy":"post_tag","embeddable":true,"href":"https:\/\/radioprimiciapelluhue.cl\/index.php?rest_route=%2Fwp%2Fv2%2Ftags&post=3592"}],"curies":[{"name":"wp","href":"https:\/\/api.w.org\/{rel}","templated":true}]}}