{"id":3599,"date":"2021-10-02T18:49:30","date_gmt":"2021-10-02T22:49:30","guid":{"rendered":"http:\/\/radioprimiciapelluhue.cl\/?p=3599"},"modified":"2021-10-02T18:49:31","modified_gmt":"2021-10-02T22:49:31","slug":"carabineros-de-colbun-detuvo-a-sujeto-por-infraccion-a-la-ley-de-drogas","status":"publish","type":"post","link":"https:\/\/radioprimiciapelluhue.cl\/?p=3599","title":{"rendered":"CARABINEROS DE COLB\u00daN DETUVO A SUJETO POR INFRACCI\u00d3N A LA LEY DE DROGAS"},"content":{"rendered":"\n<p>En horas de la ma\u00f1ana de este s\u00e1bado. Carabineros del sector se trasladaron hasta la Villa Bicentenario para verificar un procedimiento de da\u00f1os, una vez en el lugar se entrevist\u00f3 con la v\u00edctima quien denunci\u00f3 que un hombre le hab\u00eda quebrado un ventanal de su domicilio y la luneta trasera del veh\u00edculo. Contando con la informaci\u00f3n respectiva y tras efectuar las investigaciones referente a lo sucedido, detuvieron al individuo, a quien adem\u00e1s se encontr\u00f3 en el interior del domicilio dos bolsas de Cannabis Sativa. Por instrucci\u00f3n del Fiscal de Turno fiscal, se solicita que se constituya personal del O.S.7 a realizar la prueba de orientaci\u00f3n qu\u00edmica y pesaje y por su parte, el sujeto qued\u00f3 puesto a disposici\u00f3n del Ministerio P\u00fablico para continuar con las respectivas indagaciones de lo sucedido.<\/p>\n\n\n\n<figure class=\"wp-block-image size-large\"><a href=\"http:\/\/radioprimiciapelluhue.cl\/wp-content\/uploads\/2021\/10\/241295782_2214803991992719_1706942809617481199_n.jpg\"><img loading=\"lazy\" decoding=\"async\" width=\"1024\" height=\"485\" src=\"http:\/\/radioprimiciapelluhue.cl\/wp-content\/uploads\/2021\/10\/241295782_2214803991992719_1706942809617481199_n-1024x485.jpg\" alt=\"\" class=\"wp-image-3600\" srcset=\"https:\/\/radioprimiciapelluhue.cl\/wp-content\/uploads\/2021\/10\/241295782_2214803991992719_1706942809617481199_n-1024x485.jpg 1024w, https:\/\/radioprimiciapelluhue.cl\/wp-content\/uploads\/2021\/10\/241295782_2214803991992719_1706942809617481199_n-300x142.jpg 300w, https:\/\/radioprimiciapelluhue.cl\/wp-content\/uploads\/2021\/10\/241295782_2214803991992719_1706942809617481199_n-768x364.jpg 768w, https:\/\/radioprimiciapelluhue.cl\/wp-content\/uploads\/2021\/10\/241295782_2214803991992719_1706942809617481199_n.jpg 1280w\" sizes=\"auto, (max-width: 1024px) 100vw, 1024px\" \/><\/a><\/figure>\n","protected":false},"excerpt":{"rendered":"<p>En horas de la ma\u00f1ana de este s\u00e1bado. Carabineros del sector se trasladaron hasta la Villa Bicentenario para verificar un procedimiento de da\u00f1os, una vez en el lugar se entrevist\u00f3 con la v\u00edctima quien denunci\u00f3 que un hombre le hab\u00eda quebrado un ventanal de su domicilio y la luneta trasera del veh\u00edculo. Contando con la [&hellip;]<\/p>\n","protected":false},"author":2,"featured_media":3600,"comment_status":"closed","ping_status":"closed","sticky":false,"template":"","format":"standard","meta":{"footnotes":""},"categories":[59],"tags":[],"class_list":["post-3599","post","type-post","status-publish","format-standard","has-post-thumbnail","hentry","category-policial"],"_links":{"self":[{"href":"https:\/\/radioprimiciapelluhue.cl\/index.php?rest_route=\/wp\/v2\/posts\/3599","targetHints":{"allow":["GET"]}}],"collection":[{"href":"https:\/\/radioprimiciapelluhue.cl\/index.php?rest_route=\/wp\/v2\/posts"}],"about":[{"href":"https:\/\/radioprimiciapelluhue.cl\/index.php?rest_route=\/wp\/v2\/types\/post"}],"author":[{"embeddable":true,"href":"https:\/\/radioprimiciapelluhue.cl\/index.php?rest_route=\/wp\/v2\/users\/2"}],"replies":[{"embeddable":true,"href":"https:\/\/radioprimiciapelluhue.cl\/index.php?rest_route=%2Fwp%2Fv2%2Fcomments&post=3599"}],"version-history":[{"count":1,"href":"https:\/\/radioprimiciapelluhue.cl\/index.php?rest_route=\/wp\/v2\/posts\/3599\/revisions"}],"predecessor-version":[{"id":3601,"href":"https:\/\/radioprimiciapelluhue.cl\/index.php?rest_route=\/wp\/v2\/posts\/3599\/revisions\/3601"}],"wp:featuredmedia":[{"embeddable":true,"href":"https:\/\/radioprimiciapelluhue.cl\/index.php?rest_route=\/wp\/v2\/media\/3600"}],"wp:attachment":[{"href":"https:\/\/radioprimiciapelluhue.cl\/index.php?rest_route=%2Fwp%2Fv2%2Fmedia&parent=3599"}],"wp:term":[{"taxonomy":"category","embeddable":true,"href":"https:\/\/radioprimiciapelluhue.cl\/index.php?rest_route=%2Fwp%2Fv2%2Fcategories&post=3599"},{"taxonomy":"post_tag","embeddable":true,"href":"https:\/\/radioprimiciapelluhue.cl\/index.php?rest_route=%2Fwp%2Fv2%2Ftags&post=3599"}],"curies":[{"name":"wp","href":"https:\/\/api.w.org\/{rel}","templated":true}]}}