{"id":3603,"date":"2021-10-03T21:38:23","date_gmt":"2021-10-04T01:38:23","guid":{"rendered":"http:\/\/radioprimiciapelluhue.cl\/?p=3603"},"modified":"2021-10-03T21:38:24","modified_gmt":"2021-10-04T01:38:24","slug":"carabineros-detuvo-a-sujetos-por-robo-de-mas-de-5-millones-en-especies-desde-un-local-de-reparacion-y-venta-de-motosierras","status":"publish","type":"post","link":"https:\/\/radioprimiciapelluhue.cl\/?p=3603","title":{"rendered":"CARABINEROS DETUVO A SUJETOS POR ROBO DE M\u00c1S DE 5 MILLONES EN ESPECIES DESDE UN LOCAL DE REPARACI\u00d3N Y VENTA DE MOTOSIERRAS."},"content":{"rendered":"\n<p>Adem\u00e1s por infracci\u00f3n a la ley de drogas.<\/p>\n\n\n\n<p>Carabineros de la Secci\u00f3n de Investigaci\u00f3n policial (SIP) de la 3ra Comisar\u00eda de Parral tras diligencias investigativas, detuvo a 3 individuos en el sector de San Isidro en la comuna de Retiro, ya que en horas de la noche ingresaron a un local comercial de venta y reparaci\u00f3n de \u00abMotosierras\u00bb sustrayendo 15 motosierras, siendo avaludo en m\u00e1s de 5 millones de pesos.<\/p>\n\n\n\n<p>A ra\u00edz de las diligencias realizadas y tras coordinaci\u00f3n con el Ministerio P\u00fablico se logra la recuperaci\u00f3n de la totalidad de las especies sustra\u00eddas, adem\u00e1s de la incautaci\u00f3n de 15 plantas de Cannabis sativa y droga a granel desde el domicilio del detenido. As\u00ed mismo, d\u00f3nde adem\u00e1s se encontraron producto de otros il\u00edcito cometido, los cuales est\u00e1n siendo verificados conforme a las diversas denuncias realizadas a la fecha.<\/p>\n\n\n\n<p>Los hombre de iniciales D.A.S.R 34 a\u00f1os, R.C.T.C. 31 a\u00f1os y J.A.T.F 28 a\u00f1os, pasar\u00e1n a control durante las horas de la ma\u00f1ana de este domingo al Juzgado de Garant\u00eda de Parral por los delitos de receptaci\u00f3n e infracci\u00f3n a la ley de drogas, para continuar con las investigaciones referente a los sucedido.<\/p>\n\n\n\n<figure class=\"wp-block-image size-large\"><a href=\"http:\/\/radioprimiciapelluhue.cl\/wp-content\/uploads\/2021\/10\/244486928_2215342085272243_8881385592307143216_n.jpg\"><img loading=\"lazy\" decoding=\"async\" width=\"1024\" height=\"473\" src=\"http:\/\/radioprimiciapelluhue.cl\/wp-content\/uploads\/2021\/10\/244486928_2215342085272243_8881385592307143216_n-1024x473.jpg\" alt=\"\" class=\"wp-image-3604\" srcset=\"https:\/\/radioprimiciapelluhue.cl\/wp-content\/uploads\/2021\/10\/244486928_2215342085272243_8881385592307143216_n-1024x473.jpg 1024w, https:\/\/radioprimiciapelluhue.cl\/wp-content\/uploads\/2021\/10\/244486928_2215342085272243_8881385592307143216_n-300x139.jpg 300w, https:\/\/radioprimiciapelluhue.cl\/wp-content\/uploads\/2021\/10\/244486928_2215342085272243_8881385592307143216_n-768x355.jpg 768w, https:\/\/radioprimiciapelluhue.cl\/wp-content\/uploads\/2021\/10\/244486928_2215342085272243_8881385592307143216_n-1536x710.jpg 1536w, https:\/\/radioprimiciapelluhue.cl\/wp-content\/uploads\/2021\/10\/244486928_2215342085272243_8881385592307143216_n.jpg 2048w\" sizes=\"auto, (max-width: 1024px) 100vw, 1024px\" \/><\/a><\/figure>\n","protected":false},"excerpt":{"rendered":"<p>Adem\u00e1s por infracci\u00f3n a la ley de drogas. Carabineros de la Secci\u00f3n de Investigaci\u00f3n policial (SIP) de la 3ra Comisar\u00eda de Parral tras diligencias investigativas, detuvo a 3 individuos en el sector de San Isidro en la comuna de Retiro, ya que en horas de la noche ingresaron a un local comercial de venta y [&hellip;]<\/p>\n","protected":false},"author":2,"featured_media":3604,"comment_status":"closed","ping_status":"closed","sticky":false,"template":"","format":"standard","meta":{"footnotes":""},"categories":[59],"tags":[],"class_list":["post-3603","post","type-post","status-publish","format-standard","has-post-thumbnail","hentry","category-policial"],"_links":{"self":[{"href":"https:\/\/radioprimiciapelluhue.cl\/index.php?rest_route=\/wp\/v2\/posts\/3603","targetHints":{"allow":["GET"]}}],"collection":[{"href":"https:\/\/radioprimiciapelluhue.cl\/index.php?rest_route=\/wp\/v2\/posts"}],"about":[{"href":"https:\/\/radioprimiciapelluhue.cl\/index.php?rest_route=\/wp\/v2\/types\/post"}],"author":[{"embeddable":true,"href":"https:\/\/radioprimiciapelluhue.cl\/index.php?rest_route=\/wp\/v2\/users\/2"}],"replies":[{"embeddable":true,"href":"https:\/\/radioprimiciapelluhue.cl\/index.php?rest_route=%2Fwp%2Fv2%2Fcomments&post=3603"}],"version-history":[{"count":1,"href":"https:\/\/radioprimiciapelluhue.cl\/index.php?rest_route=\/wp\/v2\/posts\/3603\/revisions"}],"predecessor-version":[{"id":3605,"href":"https:\/\/radioprimiciapelluhue.cl\/index.php?rest_route=\/wp\/v2\/posts\/3603\/revisions\/3605"}],"wp:featuredmedia":[{"embeddable":true,"href":"https:\/\/radioprimiciapelluhue.cl\/index.php?rest_route=\/wp\/v2\/media\/3604"}],"wp:attachment":[{"href":"https:\/\/radioprimiciapelluhue.cl\/index.php?rest_route=%2Fwp%2Fv2%2Fmedia&parent=3603"}],"wp:term":[{"taxonomy":"category","embeddable":true,"href":"https:\/\/radioprimiciapelluhue.cl\/index.php?rest_route=%2Fwp%2Fv2%2Fcategories&post=3603"},{"taxonomy":"post_tag","embeddable":true,"href":"https:\/\/radioprimiciapelluhue.cl\/index.php?rest_route=%2Fwp%2Fv2%2Ftags&post=3603"}],"curies":[{"name":"wp","href":"https:\/\/api.w.org\/{rel}","templated":true}]}}