{"id":3624,"date":"2021-10-06T21:34:10","date_gmt":"2021-10-07T01:34:10","guid":{"rendered":"http:\/\/radioprimiciapelluhue.cl\/?p=3624"},"modified":"2021-10-06T21:34:10","modified_gmt":"2021-10-07T01:34:10","slug":"carabineros-detuvo-a-sujeto-por-posesion-y-tenencia-ilegal-de-arma-de-fuego-y-municiones-en-pleno-centro-de-cauquenes","status":"publish","type":"post","link":"https:\/\/radioprimiciapelluhue.cl\/?p=3624","title":{"rendered":"CARABINEROS DETUVO A SUJETO POR POSESI\u00d3N Y TENENCIA ILEGAL DE ARMA DE FUEGO Y MUNICIONES EN PLENO CENTRO DE CAUQUENES."},"content":{"rendered":"\n<p>El detenido fue puesto a disposici\u00f3n de la justicia.<\/p>\n\n\n\n<p>Carabineros de la Secci\u00f3n de Investigaci\u00f3n Policial (SIP) de la 4ta. Comisar\u00eda de Cauquenes en horas de la tarde de este mi\u00e9rcoles fueron alertados de la presencia de un desconocido en las inmediaciones del eje central de la ciudad (calle Catedral) es por ello que a trav\u00e9s de estrategias investigativas y de seguridad adem\u00e1s de fiscalizaciones realizadas, se detuvo a un hombre de iniciales A.A.Q.S de 37 a\u00f1os quien manten\u00eda en el interior de su m\u00f3vil marca Nissan Terrano color azul, una escopeta sin marca ni modelo, y sin n\u00famero la que no se acreditaba con alguna documentaci\u00f3n de pertenencia y, dos cartuchos calibre 12 marca gb nro. 5 color naranjo, siendo el armamento y las municiones derivadas para continuar con las respectivas investigaciones es de su \u00e1rea, a la secci\u00f3n Labocar Talca.<\/p>\n\n\n\n<p>Posteriormente y, por instrucci\u00f3n de la Fiscal de la Macrozona el individuo de 37 a\u00f1os fue detenido y pasar\u00e1 a control investigativo en horas de la ma\u00f1ana de este jueves, al Juzgado de Garant\u00eda de Cauquenes.<\/p>\n\n\n\n<p>Cabe mencionar, como en este caso queda demostrado que las denuncias por parte de la comunidad referente a personas o m\u00f3viles sospechosos o en su actuar, son primordiales para dejar en manifiesto, como en esta ocasi\u00f3n que, trabajando de manera coordinada, se protege a la ciudadan\u00eda de posibles il\u00edcitos.<\/p>\n\n\n\n<p>CARABINEROS DE CHILE, LA PREVENCI\u00d3N ES NUESTRA ESENCIA.<\/p>\n\n\n\n<p>de Intervenci\u00f3n Policial de la 1era. Comisar\u00eda de Linares en horas de la tarde de este martes detuvo a un hombre de iniciales D.J.F.M de nacionalidad dominicana, que se dedicaba a comercializar droga a trav\u00e9s del m\u00e9todo de \u201cDelivery\u201d, quien tras ser fiscalizado entre calles Arnoldo Toro Godoy esquina Le\u00f3n de Tarapac\u00e1 fue sorprendido portando dos dosis de Clorhidrato de coca\u00edna. A ra\u00edz de lo anterior, se concurri\u00f3 al domicilio del detenido y se realiz\u00f3 el ingreso, encontrando en su interior una bolsa nylon color blanco, 58 envoltorios nylon transparente todos contenedores de clorhidrato de coca\u00edna, 110 milpesos en efectivo, una pesa digital y bolsas de nylon para dosificar droga.<\/p>\n\n\n\n<p>El sujeto, por instrucci\u00f3n del Fiscal de turno fue trasladado hasta la unidad policial respectiva, para continuar con las investigaciones correspondientes a trav\u00e9s el Ministerio P\u00fablico durante la ma\u00f1ana de este mi\u00e9rcoles. Carabineros de manera permanente entrega resguardos de seguridad y, desarrolla despliegues policiales para advertir los delitos, con el objeto de evitar las problem\u00e1ticas existentes en el sector<\/p>\n\n\n\n<figure class=\"wp-block-image size-large\"><a href=\"http:\/\/radioprimiciapelluhue.cl\/wp-content\/uploads\/2021\/10\/240600923_2217910655015386_8066094340556499888_n.jpg\"><img loading=\"lazy\" decoding=\"async\" width=\"1024\" height=\"473\" src=\"http:\/\/radioprimiciapelluhue.cl\/wp-content\/uploads\/2021\/10\/240600923_2217910655015386_8066094340556499888_n-1024x473.jpg\" alt=\"\" class=\"wp-image-3625\" srcset=\"https:\/\/radioprimiciapelluhue.cl\/wp-content\/uploads\/2021\/10\/240600923_2217910655015386_8066094340556499888_n-1024x473.jpg 1024w, https:\/\/radioprimiciapelluhue.cl\/wp-content\/uploads\/2021\/10\/240600923_2217910655015386_8066094340556499888_n-300x139.jpg 300w, https:\/\/radioprimiciapelluhue.cl\/wp-content\/uploads\/2021\/10\/240600923_2217910655015386_8066094340556499888_n-768x355.jpg 768w, https:\/\/radioprimiciapelluhue.cl\/wp-content\/uploads\/2021\/10\/240600923_2217910655015386_8066094340556499888_n-1536x710.jpg 1536w, https:\/\/radioprimiciapelluhue.cl\/wp-content\/uploads\/2021\/10\/240600923_2217910655015386_8066094340556499888_n.jpg 2048w\" sizes=\"auto, (max-width: 1024px) 100vw, 1024px\" \/><\/a><\/figure>\n","protected":false},"excerpt":{"rendered":"<p>El detenido fue puesto a disposici\u00f3n de la justicia. Carabineros de la Secci\u00f3n de Investigaci\u00f3n Policial (SIP) de la 4ta. Comisar\u00eda de Cauquenes en horas de la tarde de este mi\u00e9rcoles fueron alertados de la presencia de un desconocido en las inmediaciones del eje central de la ciudad (calle Catedral) es por ello que a [&hellip;]<\/p>\n","protected":false},"author":2,"featured_media":3625,"comment_status":"closed","ping_status":"closed","sticky":false,"template":"","format":"standard","meta":{"footnotes":""},"categories":[59],"tags":[],"class_list":["post-3624","post","type-post","status-publish","format-standard","has-post-thumbnail","hentry","category-policial"],"_links":{"self":[{"href":"https:\/\/radioprimiciapelluhue.cl\/index.php?rest_route=\/wp\/v2\/posts\/3624","targetHints":{"allow":["GET"]}}],"collection":[{"href":"https:\/\/radioprimiciapelluhue.cl\/index.php?rest_route=\/wp\/v2\/posts"}],"about":[{"href":"https:\/\/radioprimiciapelluhue.cl\/index.php?rest_route=\/wp\/v2\/types\/post"}],"author":[{"embeddable":true,"href":"https:\/\/radioprimiciapelluhue.cl\/index.php?rest_route=\/wp\/v2\/users\/2"}],"replies":[{"embeddable":true,"href":"https:\/\/radioprimiciapelluhue.cl\/index.php?rest_route=%2Fwp%2Fv2%2Fcomments&post=3624"}],"version-history":[{"count":1,"href":"https:\/\/radioprimiciapelluhue.cl\/index.php?rest_route=\/wp\/v2\/posts\/3624\/revisions"}],"predecessor-version":[{"id":3626,"href":"https:\/\/radioprimiciapelluhue.cl\/index.php?rest_route=\/wp\/v2\/posts\/3624\/revisions\/3626"}],"wp:featuredmedia":[{"embeddable":true,"href":"https:\/\/radioprimiciapelluhue.cl\/index.php?rest_route=\/wp\/v2\/media\/3625"}],"wp:attachment":[{"href":"https:\/\/radioprimiciapelluhue.cl\/index.php?rest_route=%2Fwp%2Fv2%2Fmedia&parent=3624"}],"wp:term":[{"taxonomy":"category","embeddable":true,"href":"https:\/\/radioprimiciapelluhue.cl\/index.php?rest_route=%2Fwp%2Fv2%2Fcategories&post=3624"},{"taxonomy":"post_tag","embeddable":true,"href":"https:\/\/radioprimiciapelluhue.cl\/index.php?rest_route=%2Fwp%2Fv2%2Ftags&post=3624"}],"curies":[{"name":"wp","href":"https:\/\/api.w.org\/{rel}","templated":true}]}}