{"id":3637,"date":"2021-10-09T21:41:01","date_gmt":"2021-10-10T01:41:01","guid":{"rendered":"http:\/\/radioprimiciapelluhue.cl\/?p=3637"},"modified":"2021-10-09T21:41:01","modified_gmt":"2021-10-10T01:41:01","slug":"informe-tarifario-servel-elecciones-2021","status":"publish","type":"post","link":"https:\/\/radioprimiciapelluhue.cl\/?p=3637","title":{"rendered":"INFORME TARIFARIO SERVEL ELECCIONES 2021"},"content":{"rendered":"\n<p>El Servicio Electoral informa, que fue publicado en nuestro sitio web el informe tarifario para la contrataci\u00f3n de los servicios de emisi\u00f3n de propaganda electoral, para las Elecciones&nbsp;<strong>PRESIDENCIAL, PARLAMENTARIA, CORE Y EVENTUAL SEGUNDA VOTACI\u00d3N PRESIDENCIAL &#8211; 2021<\/strong>.<\/p>\n\n\n\n<p>Ingresar al siguiente link<\/p>\n\n\n\n<p><a href=\"https:\/\/tarifas.servel.cl\/visualizar\/a72f88c1eca26f6b49bc83c3294fccecdabe4507\">https:\/\/tarifas.servel.cl\/visualizar\/a72f88c1eca26f6b49bc83c3294fccecdabe4507<\/a><\/p>\n\n\n\n<p>Las tarifas informadas deben ser publicadas en el sitio web de su medio, de conformidad al inciso 6 del art\u00edculo 30 de la Ley N\u00b0 18.700 Org\u00e1nica Constitucional sobre Votaciones Populares y Escrutinios.<\/p>\n\n\n\n<figure class=\"wp-block-image size-large\"><a href=\"http:\/\/radioprimiciapelluhue.cl\/wp-content\/uploads\/2021\/10\/elecciones-2021-1.png\"><img loading=\"lazy\" decoding=\"async\" width=\"1024\" height=\"638\" src=\"http:\/\/radioprimiciapelluhue.cl\/wp-content\/uploads\/2021\/10\/elecciones-2021-1-1024x638.png\" alt=\"\" class=\"wp-image-3639\" srcset=\"https:\/\/radioprimiciapelluhue.cl\/wp-content\/uploads\/2021\/10\/elecciones-2021-1-1024x638.png 1024w, https:\/\/radioprimiciapelluhue.cl\/wp-content\/uploads\/2021\/10\/elecciones-2021-1-300x187.png 300w, https:\/\/radioprimiciapelluhue.cl\/wp-content\/uploads\/2021\/10\/elecciones-2021-1-768x478.png 768w, https:\/\/radioprimiciapelluhue.cl\/wp-content\/uploads\/2021\/10\/elecciones-2021-1-1536x957.png 1536w, https:\/\/radioprimiciapelluhue.cl\/wp-content\/uploads\/2021\/10\/elecciones-2021-1.png 1920w\" sizes=\"auto, (max-width: 1024px) 100vw, 1024px\" \/><\/a><\/figure>\n","protected":false},"excerpt":{"rendered":"<p>El Servicio Electoral informa, que fue publicado en nuestro sitio web el informe tarifario para la contrataci\u00f3n de los servicios de emisi\u00f3n de propaganda electoral, para las Elecciones&nbsp;PRESIDENCIAL, PARLAMENTARIA, CORE Y EVENTUAL SEGUNDA VOTACI\u00d3N PRESIDENCIAL &#8211; 2021. Ingresar al siguiente link https:\/\/tarifas.servel.cl\/visualizar\/a72f88c1eca26f6b49bc83c3294fccecdabe4507 Las tarifas informadas deben ser publicadas en el sitio web de su medio, [&hellip;]<\/p>\n","protected":false},"author":2,"featured_media":3638,"comment_status":"closed","ping_status":"closed","sticky":false,"template":"","format":"standard","meta":{"footnotes":""},"categories":[61],"tags":[],"class_list":["post-3637","post","type-post","status-publish","format-standard","has-post-thumbnail","hentry","category-informativo"],"_links":{"self":[{"href":"https:\/\/radioprimiciapelluhue.cl\/index.php?rest_route=\/wp\/v2\/posts\/3637","targetHints":{"allow":["GET"]}}],"collection":[{"href":"https:\/\/radioprimiciapelluhue.cl\/index.php?rest_route=\/wp\/v2\/posts"}],"about":[{"href":"https:\/\/radioprimiciapelluhue.cl\/index.php?rest_route=\/wp\/v2\/types\/post"}],"author":[{"embeddable":true,"href":"https:\/\/radioprimiciapelluhue.cl\/index.php?rest_route=\/wp\/v2\/users\/2"}],"replies":[{"embeddable":true,"href":"https:\/\/radioprimiciapelluhue.cl\/index.php?rest_route=%2Fwp%2Fv2%2Fcomments&post=3637"}],"version-history":[{"count":1,"href":"https:\/\/radioprimiciapelluhue.cl\/index.php?rest_route=\/wp\/v2\/posts\/3637\/revisions"}],"predecessor-version":[{"id":3640,"href":"https:\/\/radioprimiciapelluhue.cl\/index.php?rest_route=\/wp\/v2\/posts\/3637\/revisions\/3640"}],"wp:featuredmedia":[{"embeddable":true,"href":"https:\/\/radioprimiciapelluhue.cl\/index.php?rest_route=\/wp\/v2\/media\/3638"}],"wp:attachment":[{"href":"https:\/\/radioprimiciapelluhue.cl\/index.php?rest_route=%2Fwp%2Fv2%2Fmedia&parent=3637"}],"wp:term":[{"taxonomy":"category","embeddable":true,"href":"https:\/\/radioprimiciapelluhue.cl\/index.php?rest_route=%2Fwp%2Fv2%2Fcategories&post=3637"},{"taxonomy":"post_tag","embeddable":true,"href":"https:\/\/radioprimiciapelluhue.cl\/index.php?rest_route=%2Fwp%2Fv2%2Ftags&post=3637"}],"curies":[{"name":"wp","href":"https:\/\/api.w.org\/{rel}","templated":true}]}}