{"id":3685,"date":"2021-10-29T19:16:18","date_gmt":"2021-10-29T23:16:18","guid":{"rendered":"http:\/\/radioprimiciapelluhue.cl\/?p=3685"},"modified":"2021-10-29T19:16:19","modified_gmt":"2021-10-29T23:16:19","slug":"ministro-del-trabajo-se-reunio-con-corma-maule-para-abordar-desafios-del-sector-y-fomentar-participacion-laboral-femenina","status":"publish","type":"post","link":"https:\/\/radioprimiciapelluhue.cl\/?p=3685","title":{"rendered":"Ministro del Trabajo se reuni\u00f3 con Corma Maule para abordar desaf\u00edos del sector y fomentar participaci\u00f3n laboral femenina"},"content":{"rendered":"\n<p><strong>En visita a la Regi\u00f3n el Secretario de Estado se traslad\u00f3 hacia la comuna de Constituci\u00f3n, donde visit\u00f3 un aserradero y un vivero caracterizados por la&nbsp;&nbsp;marcada presencia de mujeres en sus labores.<\/strong><\/p>\n\n\n\n<p>El Ministro del Trabajo y Previsi\u00f3n Social, Patricio Melero, se reuni\u00f3 con representantes de la Corporaci\u00f3n Chilena de la Madera (Corma) en la comuna de Constituci\u00f3n en la regi\u00f3n del Maule, donde llam\u00f3 a fomentar la participaci\u00f3n laboral femenina y a acceder a los beneficios del IFE laboral .<\/p>\n\n\n\n<p>La autoridad visit\u00f3 la pyme forestal Maderas Jorge Caro, que es un ejemplo en la zona por tener el 50% de su l\u00ednea de producci\u00f3n en mano de mujeres y el vivero Quivolgo de la empresa Arauco, donde la fuerza laboral femenina alcanza el 83%.<\/p>\n\n\n\n<p>\u00abEn el recorrido que hemos realizado por el vivero y las conversaciones con los dirigentes gremiales de Corma, los trabajadores y directivos, nos hemos encontrado con la necesidad de fortalecer el rol de la mujer en el mundo del trabajo forestal, en tareas que anteriormente eran hechas por hombres debemos incorporar a las mujeres porque ah\u00ed hay una oportunidad para quienes antes no la ten\u00edan. Desde el Gobierno ayudaremos con la capacitaci\u00f3n y subsidios, y desde luego, con el di\u00e1logo gremial en todo aquello que podamos trabajar en conjunto\u00bb, se\u00f1al\u00f3 el titular del Trabajo.&nbsp;<\/p>\n\n\n\n<p>En tanto, el presidente de Corma Maule y O\u00b4Higgins, Lautaro Opazo, explic\u00f3 que \u00abpudimos mostrarle en terreno al Ministro la realidad local, los proceso de producci\u00f3n de plantas y darle a conocer nuestras preocupaciones por la falta de mano obra para las faenas forestales y el escenario futuro para poder potenciar la reforestaci\u00f3n de bosques da\u00f1ados por los incendios rurales\u00bb.<\/p>\n\n\n\n<p>En la visita,\u00a0\u00a0el Secretario de Estado dio a conocer los alcances y beneficios del IFE Laboral y las pol\u00edticas de equidad que buscan potenciar la participaci\u00f3n femenina en los distintos procesos productivos y trabajos asociados a la industria de la madera. El IFE Laboral permite la reincorporaci\u00f3n \u00a0y la ocupaci\u00f3n formal de los trabajadores aportando un ingreso directo de $250 mil a las mujeres y de $200 mil para los hombres, lo que se suma al sueldo respectivo de cada empleador.<\/p>\n\n\n\n<figure class=\"wp-block-image size-large\"><a href=\"http:\/\/radioprimiciapelluhue.cl\/wp-content\/uploads\/2021\/10\/1-Ministro-del-Trabajo-Corma-Maule.jpg\"><img loading=\"lazy\" decoding=\"async\" width=\"1024\" height=\"484\" src=\"http:\/\/radioprimiciapelluhue.cl\/wp-content\/uploads\/2021\/10\/1-Ministro-del-Trabajo-Corma-Maule-1024x484.jpg\" alt=\"\" class=\"wp-image-3686\" srcset=\"https:\/\/radioprimiciapelluhue.cl\/wp-content\/uploads\/2021\/10\/1-Ministro-del-Trabajo-Corma-Maule-1024x484.jpg 1024w, https:\/\/radioprimiciapelluhue.cl\/wp-content\/uploads\/2021\/10\/1-Ministro-del-Trabajo-Corma-Maule-300x142.jpg 300w, https:\/\/radioprimiciapelluhue.cl\/wp-content\/uploads\/2021\/10\/1-Ministro-del-Trabajo-Corma-Maule-768x363.jpg 768w, https:\/\/radioprimiciapelluhue.cl\/wp-content\/uploads\/2021\/10\/1-Ministro-del-Trabajo-Corma-Maule-1536x727.jpg 1536w, https:\/\/radioprimiciapelluhue.cl\/wp-content\/uploads\/2021\/10\/1-Ministro-del-Trabajo-Corma-Maule.jpg 1600w\" sizes=\"auto, (max-width: 1024px) 100vw, 1024px\" \/><\/a><\/figure>\n\n\n\n<figure class=\"wp-block-image size-large\"><a href=\"http:\/\/radioprimiciapelluhue.cl\/wp-content\/uploads\/2021\/10\/2-Ministro-del-Trabajo-Corma-Maule.jpg\"><img loading=\"lazy\" decoding=\"async\" width=\"1024\" height=\"484\" src=\"http:\/\/radioprimiciapelluhue.cl\/wp-content\/uploads\/2021\/10\/2-Ministro-del-Trabajo-Corma-Maule-1024x484.jpg\" alt=\"\" class=\"wp-image-3687\" srcset=\"https:\/\/radioprimiciapelluhue.cl\/wp-content\/uploads\/2021\/10\/2-Ministro-del-Trabajo-Corma-Maule-1024x484.jpg 1024w, https:\/\/radioprimiciapelluhue.cl\/wp-content\/uploads\/2021\/10\/2-Ministro-del-Trabajo-Corma-Maule-300x142.jpg 300w, https:\/\/radioprimiciapelluhue.cl\/wp-content\/uploads\/2021\/10\/2-Ministro-del-Trabajo-Corma-Maule-768x363.jpg 768w, https:\/\/radioprimiciapelluhue.cl\/wp-content\/uploads\/2021\/10\/2-Ministro-del-Trabajo-Corma-Maule-1536x727.jpg 1536w, https:\/\/radioprimiciapelluhue.cl\/wp-content\/uploads\/2021\/10\/2-Ministro-del-Trabajo-Corma-Maule.jpg 1600w\" sizes=\"auto, (max-width: 1024px) 100vw, 1024px\" \/><\/a><\/figure>\n\n\n\n<figure class=\"wp-block-image size-large\"><a href=\"http:\/\/radioprimiciapelluhue.cl\/wp-content\/uploads\/2021\/10\/3-Ministro-del-Trabajo-Corma-Maule.jpg\"><img loading=\"lazy\" decoding=\"async\" width=\"1024\" height=\"484\" src=\"http:\/\/radioprimiciapelluhue.cl\/wp-content\/uploads\/2021\/10\/3-Ministro-del-Trabajo-Corma-Maule-1024x484.jpg\" alt=\"\" class=\"wp-image-3688\" srcset=\"https:\/\/radioprimiciapelluhue.cl\/wp-content\/uploads\/2021\/10\/3-Ministro-del-Trabajo-Corma-Maule-1024x484.jpg 1024w, https:\/\/radioprimiciapelluhue.cl\/wp-content\/uploads\/2021\/10\/3-Ministro-del-Trabajo-Corma-Maule-300x142.jpg 300w, https:\/\/radioprimiciapelluhue.cl\/wp-content\/uploads\/2021\/10\/3-Ministro-del-Trabajo-Corma-Maule-768x363.jpg 768w, https:\/\/radioprimiciapelluhue.cl\/wp-content\/uploads\/2021\/10\/3-Ministro-del-Trabajo-Corma-Maule-1536x727.jpg 1536w, https:\/\/radioprimiciapelluhue.cl\/wp-content\/uploads\/2021\/10\/3-Ministro-del-Trabajo-Corma-Maule.jpg 1600w\" sizes=\"auto, (max-width: 1024px) 100vw, 1024px\" \/><\/a><\/figure>\n\n\n\n<figure class=\"wp-block-image size-large\"><a href=\"http:\/\/radioprimiciapelluhue.cl\/wp-content\/uploads\/2021\/10\/4-Ministro-del-Trabajo-Corma-Maule.jpg\"><img loading=\"lazy\" decoding=\"async\" width=\"1024\" height=\"484\" src=\"http:\/\/radioprimiciapelluhue.cl\/wp-content\/uploads\/2021\/10\/4-Ministro-del-Trabajo-Corma-Maule-1024x484.jpg\" alt=\"\" class=\"wp-image-3689\" srcset=\"https:\/\/radioprimiciapelluhue.cl\/wp-content\/uploads\/2021\/10\/4-Ministro-del-Trabajo-Corma-Maule-1024x484.jpg 1024w, https:\/\/radioprimiciapelluhue.cl\/wp-content\/uploads\/2021\/10\/4-Ministro-del-Trabajo-Corma-Maule-300x142.jpg 300w, https:\/\/radioprimiciapelluhue.cl\/wp-content\/uploads\/2021\/10\/4-Ministro-del-Trabajo-Corma-Maule-768x363.jpg 768w, https:\/\/radioprimiciapelluhue.cl\/wp-content\/uploads\/2021\/10\/4-Ministro-del-Trabajo-Corma-Maule.jpg 1280w\" sizes=\"auto, (max-width: 1024px) 100vw, 1024px\" \/><\/a><\/figure>\n\n\n\n<figure class=\"wp-block-image size-large\"><a href=\"http:\/\/radioprimiciapelluhue.cl\/wp-content\/uploads\/2021\/10\/6-Ministro-del-Trabajo-Corma-Maule.jpg\"><img loading=\"lazy\" decoding=\"async\" width=\"1024\" height=\"484\" src=\"http:\/\/radioprimiciapelluhue.cl\/wp-content\/uploads\/2021\/10\/6-Ministro-del-Trabajo-Corma-Maule-1024x484.jpg\" alt=\"\" class=\"wp-image-3690\" srcset=\"https:\/\/radioprimiciapelluhue.cl\/wp-content\/uploads\/2021\/10\/6-Ministro-del-Trabajo-Corma-Maule-1024x484.jpg 1024w, https:\/\/radioprimiciapelluhue.cl\/wp-content\/uploads\/2021\/10\/6-Ministro-del-Trabajo-Corma-Maule-300x142.jpg 300w, https:\/\/radioprimiciapelluhue.cl\/wp-content\/uploads\/2021\/10\/6-Ministro-del-Trabajo-Corma-Maule-768x363.jpg 768w, https:\/\/radioprimiciapelluhue.cl\/wp-content\/uploads\/2021\/10\/6-Ministro-del-Trabajo-Corma-Maule.jpg 1280w\" sizes=\"auto, (max-width: 1024px) 100vw, 1024px\" \/><\/a><\/figure>\n\n\n\n<figure class=\"wp-block-image size-large\"><a href=\"http:\/\/radioprimiciapelluhue.cl\/wp-content\/uploads\/2021\/10\/9-Ministro-del-Trabajo-Corma-Maule.jpeg\"><img loading=\"lazy\" decoding=\"async\" width=\"1024\" height=\"484\" src=\"http:\/\/radioprimiciapelluhue.cl\/wp-content\/uploads\/2021\/10\/9-Ministro-del-Trabajo-Corma-Maule-1024x484.jpeg\" alt=\"\" class=\"wp-image-3691\" srcset=\"https:\/\/radioprimiciapelluhue.cl\/wp-content\/uploads\/2021\/10\/9-Ministro-del-Trabajo-Corma-Maule-1024x484.jpeg 1024w, https:\/\/radioprimiciapelluhue.cl\/wp-content\/uploads\/2021\/10\/9-Ministro-del-Trabajo-Corma-Maule-300x142.jpeg 300w, https:\/\/radioprimiciapelluhue.cl\/wp-content\/uploads\/2021\/10\/9-Ministro-del-Trabajo-Corma-Maule-768x363.jpeg 768w, https:\/\/radioprimiciapelluhue.cl\/wp-content\/uploads\/2021\/10\/9-Ministro-del-Trabajo-Corma-Maule-1536x727.jpeg 1536w, https:\/\/radioprimiciapelluhue.cl\/wp-content\/uploads\/2021\/10\/9-Ministro-del-Trabajo-Corma-Maule.jpeg 1600w\" sizes=\"auto, (max-width: 1024px) 100vw, 1024px\" \/><\/a><\/figure>\n\n\n\n<figure class=\"wp-block-image size-large\"><a href=\"http:\/\/radioprimiciapelluhue.cl\/wp-content\/uploads\/2021\/10\/10-Ministro-del-Trabajo-Corma-Maule.jpeg\"><img loading=\"lazy\" decoding=\"async\" width=\"1024\" height=\"484\" src=\"http:\/\/radioprimiciapelluhue.cl\/wp-content\/uploads\/2021\/10\/10-Ministro-del-Trabajo-Corma-Maule-1024x484.jpeg\" alt=\"\" class=\"wp-image-3692\" srcset=\"https:\/\/radioprimiciapelluhue.cl\/wp-content\/uploads\/2021\/10\/10-Ministro-del-Trabajo-Corma-Maule-1024x484.jpeg 1024w, https:\/\/radioprimiciapelluhue.cl\/wp-content\/uploads\/2021\/10\/10-Ministro-del-Trabajo-Corma-Maule-300x142.jpeg 300w, https:\/\/radioprimiciapelluhue.cl\/wp-content\/uploads\/2021\/10\/10-Ministro-del-Trabajo-Corma-Maule-768x363.jpeg 768w, https:\/\/radioprimiciapelluhue.cl\/wp-content\/uploads\/2021\/10\/10-Ministro-del-Trabajo-Corma-Maule-1536x727.jpeg 1536w, https:\/\/radioprimiciapelluhue.cl\/wp-content\/uploads\/2021\/10\/10-Ministro-del-Trabajo-Corma-Maule.jpeg 1600w\" sizes=\"auto, (max-width: 1024px) 100vw, 1024px\" \/><\/a><\/figure>\n","protected":false},"excerpt":{"rendered":"<p>En visita a la Regi\u00f3n el Secretario de Estado se traslad\u00f3 hacia la comuna de Constituci\u00f3n, donde visit\u00f3 un aserradero y un vivero caracterizados por la&nbsp;&nbsp;marcada presencia de mujeres en sus labores. El Ministro del Trabajo y Previsi\u00f3n Social, Patricio Melero, se reuni\u00f3 con representantes de la Corporaci\u00f3n Chilena de la Madera (Corma) en la [&hellip;]<\/p>\n","protected":false},"author":2,"featured_media":3693,"comment_status":"closed","ping_status":"closed","sticky":false,"template":"","format":"standard","meta":{"footnotes":""},"categories":[2],"tags":[],"class_list":["post-3685","post","type-post","status-publish","format-standard","has-post-thumbnail","hentry","category-noticias"],"_links":{"self":[{"href":"https:\/\/radioprimiciapelluhue.cl\/index.php?rest_route=\/wp\/v2\/posts\/3685","targetHints":{"allow":["GET"]}}],"collection":[{"href":"https:\/\/radioprimiciapelluhue.cl\/index.php?rest_route=\/wp\/v2\/posts"}],"about":[{"href":"https:\/\/radioprimiciapelluhue.cl\/index.php?rest_route=\/wp\/v2\/types\/post"}],"author":[{"embeddable":true,"href":"https:\/\/radioprimiciapelluhue.cl\/index.php?rest_route=\/wp\/v2\/users\/2"}],"replies":[{"embeddable":true,"href":"https:\/\/radioprimiciapelluhue.cl\/index.php?rest_route=%2Fwp%2Fv2%2Fcomments&post=3685"}],"version-history":[{"count":1,"href":"https:\/\/radioprimiciapelluhue.cl\/index.php?rest_route=\/wp\/v2\/posts\/3685\/revisions"}],"predecessor-version":[{"id":3694,"href":"https:\/\/radioprimiciapelluhue.cl\/index.php?rest_route=\/wp\/v2\/posts\/3685\/revisions\/3694"}],"wp:featuredmedia":[{"embeddable":true,"href":"https:\/\/radioprimiciapelluhue.cl\/index.php?rest_route=\/wp\/v2\/media\/3693"}],"wp:attachment":[{"href":"https:\/\/radioprimiciapelluhue.cl\/index.php?rest_route=%2Fwp%2Fv2%2Fmedia&parent=3685"}],"wp:term":[{"taxonomy":"category","embeddable":true,"href":"https:\/\/radioprimiciapelluhue.cl\/index.php?rest_route=%2Fwp%2Fv2%2Fcategories&post=3685"},{"taxonomy":"post_tag","embeddable":true,"href":"https:\/\/radioprimiciapelluhue.cl\/index.php?rest_route=%2Fwp%2Fv2%2Ftags&post=3685"}],"curies":[{"name":"wp","href":"https:\/\/api.w.org\/{rel}","templated":true}]}}