{"id":3695,"date":"2021-10-29T19:46:52","date_gmt":"2021-10-29T23:46:52","guid":{"rendered":"http:\/\/radioprimiciapelluhue.cl\/?p=3695"},"modified":"2021-10-29T19:46:53","modified_gmt":"2021-10-29T23:46:53","slug":"carabineros-de-la-prefectura-de-linares-realiza-campana-preventiva-sobre-la-conducion-de-la-bicicleta","status":"publish","type":"post","link":"https:\/\/radioprimiciapelluhue.cl\/?p=3695","title":{"rendered":"CARABINEROS DE LA PREFECTURA DE LINARES REALIZA CAMPA\u00d1A PREVENTIVA SOBRE LA CONDUCI\u00d3N DE LA BICICLETA"},"content":{"rendered":"\n<p><em>Es un medio de transporte que se ocupa para trasladarse y realizar labores cotidianas, es por ello que se deben mantener las medidas de seguridad correspondientes y, evitar accidentes.<\/em><\/p>\n\n\n\n<p>Carabineros de la Prefectura de Linares nro.15 dentro su labor de seguridad, en los \u00faltimos d\u00edas se ha enfocado en la prevenci\u00f3n de la utilizaci\u00f3n de la bicicleta y a su vez, <strong>motivar conductas responsables y de autocuidado para mejorar la convivencia vial<\/strong>&nbsp;y bajar los \u00edndices de accidentabilidad donde participan los ciclistas, en la zona rurales como urbanas.<\/p>\n\n\n\n<p>Se entregaron recomendaciones de seguridad para circular por las v\u00edas determinadas, adem\u00e1s de reiterar la utilizaci\u00f3n de forma permanente los elementos reflectantes tanto en la bicicleta como en el vestuario del ciclista, se\u00f1alizar adecuadamente todas las maniobras a realizar durante los trayectos y respetar cada uno de los signos del tr\u00e1nsito.<\/p>\n\n\n\n<p>Las\u00a0<strong>actividades preventivas en torno a esta tem\u00e1tica, continuar\u00e1n incansablemente, con el prop\u00f3sito \u00fanico de advertir y proteger a la ciudadan\u00eda de accidentes de tr\u00e1nsito, <\/strong>entregando consejos preventivos a conductores y peatones, quienes son los actores principales de la convivencia vial.<strong>CARABINEROS DE CHILE, LA PREVENCI\u00d3N ES NUESTRA ESENCIA<\/strong><\/p>\n\n\n\n<figure class=\"wp-block-image size-large\"><a href=\"http:\/\/radioprimiciapelluhue.cl\/wp-content\/uploads\/2021\/10\/1.jpg\"><img loading=\"lazy\" decoding=\"async\" width=\"768\" height=\"1024\" src=\"http:\/\/radioprimiciapelluhue.cl\/wp-content\/uploads\/2021\/10\/1-768x1024.jpg\" alt=\"\" class=\"wp-image-3696\" srcset=\"https:\/\/radioprimiciapelluhue.cl\/wp-content\/uploads\/2021\/10\/1-768x1024.jpg 768w, https:\/\/radioprimiciapelluhue.cl\/wp-content\/uploads\/2021\/10\/1-225x300.jpg 225w, https:\/\/radioprimiciapelluhue.cl\/wp-content\/uploads\/2021\/10\/1.jpg 960w\" sizes=\"auto, (max-width: 768px) 100vw, 768px\" \/><\/a><\/figure>\n\n\n\n\n\n<figure class=\"wp-block-image size-large\"><a href=\"http:\/\/radioprimiciapelluhue.cl\/wp-content\/uploads\/2021\/10\/BICICLETA-1.png\"><img loading=\"lazy\" decoding=\"async\" width=\"1024\" height=\"558\" src=\"http:\/\/radioprimiciapelluhue.cl\/wp-content\/uploads\/2021\/10\/BICICLETA-1-1024x558.png\" alt=\"\" class=\"wp-image-3697\" srcset=\"https:\/\/radioprimiciapelluhue.cl\/wp-content\/uploads\/2021\/10\/BICICLETA-1-1024x558.png 1024w, https:\/\/radioprimiciapelluhue.cl\/wp-content\/uploads\/2021\/10\/BICICLETA-1-300x164.png 300w, https:\/\/radioprimiciapelluhue.cl\/wp-content\/uploads\/2021\/10\/BICICLETA-1-768x419.png 768w, https:\/\/radioprimiciapelluhue.cl\/wp-content\/uploads\/2021\/10\/BICICLETA-1.png 1168w\" sizes=\"auto, (max-width: 1024px) 100vw, 1024px\" \/><\/a><\/figure>\n\n\n\n\n\n<figure class=\"wp-block-image size-large\"><a href=\"http:\/\/radioprimiciapelluhue.cl\/wp-content\/uploads\/2021\/10\/BICICLETA-2.png\"><img loading=\"lazy\" decoding=\"async\" width=\"1024\" height=\"561\" src=\"http:\/\/radioprimiciapelluhue.cl\/wp-content\/uploads\/2021\/10\/BICICLETA-2-1024x561.png\" alt=\"\" class=\"wp-image-3698\" srcset=\"https:\/\/radioprimiciapelluhue.cl\/wp-content\/uploads\/2021\/10\/BICICLETA-2-1024x561.png 1024w, https:\/\/radioprimiciapelluhue.cl\/wp-content\/uploads\/2021\/10\/BICICLETA-2-300x164.png 300w, https:\/\/radioprimiciapelluhue.cl\/wp-content\/uploads\/2021\/10\/BICICLETA-2-768x421.png 768w, https:\/\/radioprimiciapelluhue.cl\/wp-content\/uploads\/2021\/10\/BICICLETA-2.png 1166w\" sizes=\"auto, (max-width: 1024px) 100vw, 1024px\" \/><\/a><\/figure>\n\n\n\n<figure class=\"wp-block-image size-full\"><a href=\"http:\/\/radioprimiciapelluhue.cl\/wp-content\/uploads\/2021\/10\/BICICLETA-4.jpg\"><img loading=\"lazy\" decoding=\"async\" width=\"1024\" height=\"1024\" src=\"http:\/\/radioprimiciapelluhue.cl\/wp-content\/uploads\/2021\/10\/BICICLETA-4.jpg\" alt=\"\" class=\"wp-image-3699\" srcset=\"https:\/\/radioprimiciapelluhue.cl\/wp-content\/uploads\/2021\/10\/BICICLETA-4.jpg 1024w, https:\/\/radioprimiciapelluhue.cl\/wp-content\/uploads\/2021\/10\/BICICLETA-4-300x300.jpg 300w, https:\/\/radioprimiciapelluhue.cl\/wp-content\/uploads\/2021\/10\/BICICLETA-4-150x150.jpg 150w, https:\/\/radioprimiciapelluhue.cl\/wp-content\/uploads\/2021\/10\/BICICLETA-4-768x768.jpg 768w, https:\/\/radioprimiciapelluhue.cl\/wp-content\/uploads\/2021\/10\/BICICLETA-4-520x520.jpg 520w, https:\/\/radioprimiciapelluhue.cl\/wp-content\/uploads\/2021\/10\/BICICLETA-4-800x800.jpg 800w, https:\/\/radioprimiciapelluhue.cl\/wp-content\/uploads\/2021\/10\/BICICLETA-4-120x120.jpg 120w\" sizes=\"auto, (max-width: 1024px) 100vw, 1024px\" \/><\/a><\/figure>\n\n\n\n<figure class=\"wp-block-image size-full\"><a href=\"http:\/\/radioprimiciapelluhue.cl\/wp-content\/uploads\/2021\/10\/CICLISTAS-3.jpg\"><img loading=\"lazy\" decoding=\"async\" width=\"1024\" height=\"1024\" src=\"http:\/\/radioprimiciapelluhue.cl\/wp-content\/uploads\/2021\/10\/CICLISTAS-3.jpg\" alt=\"\" class=\"wp-image-3700\" srcset=\"https:\/\/radioprimiciapelluhue.cl\/wp-content\/uploads\/2021\/10\/CICLISTAS-3.jpg 1024w, https:\/\/radioprimiciapelluhue.cl\/wp-content\/uploads\/2021\/10\/CICLISTAS-3-300x300.jpg 300w, https:\/\/radioprimiciapelluhue.cl\/wp-content\/uploads\/2021\/10\/CICLISTAS-3-150x150.jpg 150w, https:\/\/radioprimiciapelluhue.cl\/wp-content\/uploads\/2021\/10\/CICLISTAS-3-768x768.jpg 768w, https:\/\/radioprimiciapelluhue.cl\/wp-content\/uploads\/2021\/10\/CICLISTAS-3-520x520.jpg 520w, https:\/\/radioprimiciapelluhue.cl\/wp-content\/uploads\/2021\/10\/CICLISTAS-3-800x800.jpg 800w, https:\/\/radioprimiciapelluhue.cl\/wp-content\/uploads\/2021\/10\/CICLISTAS-3-120x120.jpg 120w\" sizes=\"auto, (max-width: 1024px) 100vw, 1024px\" \/><\/a><\/figure>\n","protected":false},"excerpt":{"rendered":"<p>Es un medio de transporte que se ocupa para trasladarse y realizar labores cotidianas, es por ello que se deben mantener las medidas de seguridad correspondientes y, evitar accidentes. Carabineros de la Prefectura de Linares nro.15 dentro su labor de seguridad, en los \u00faltimos d\u00edas se ha enfocado en la prevenci\u00f3n de la utilizaci\u00f3n de [&hellip;]<\/p>\n","protected":false},"author":2,"featured_media":3701,"comment_status":"closed","ping_status":"closed","sticky":false,"template":"","format":"standard","meta":{"footnotes":""},"categories":[61],"tags":[],"class_list":["post-3695","post","type-post","status-publish","format-standard","has-post-thumbnail","hentry","category-informativo"],"_links":{"self":[{"href":"https:\/\/radioprimiciapelluhue.cl\/index.php?rest_route=\/wp\/v2\/posts\/3695","targetHints":{"allow":["GET"]}}],"collection":[{"href":"https:\/\/radioprimiciapelluhue.cl\/index.php?rest_route=\/wp\/v2\/posts"}],"about":[{"href":"https:\/\/radioprimiciapelluhue.cl\/index.php?rest_route=\/wp\/v2\/types\/post"}],"author":[{"embeddable":true,"href":"https:\/\/radioprimiciapelluhue.cl\/index.php?rest_route=\/wp\/v2\/users\/2"}],"replies":[{"embeddable":true,"href":"https:\/\/radioprimiciapelluhue.cl\/index.php?rest_route=%2Fwp%2Fv2%2Fcomments&post=3695"}],"version-history":[{"count":1,"href":"https:\/\/radioprimiciapelluhue.cl\/index.php?rest_route=\/wp\/v2\/posts\/3695\/revisions"}],"predecessor-version":[{"id":3702,"href":"https:\/\/radioprimiciapelluhue.cl\/index.php?rest_route=\/wp\/v2\/posts\/3695\/revisions\/3702"}],"wp:featuredmedia":[{"embeddable":true,"href":"https:\/\/radioprimiciapelluhue.cl\/index.php?rest_route=\/wp\/v2\/media\/3701"}],"wp:attachment":[{"href":"https:\/\/radioprimiciapelluhue.cl\/index.php?rest_route=%2Fwp%2Fv2%2Fmedia&parent=3695"}],"wp:term":[{"taxonomy":"category","embeddable":true,"href":"https:\/\/radioprimiciapelluhue.cl\/index.php?rest_route=%2Fwp%2Fv2%2Fcategories&post=3695"},{"taxonomy":"post_tag","embeddable":true,"href":"https:\/\/radioprimiciapelluhue.cl\/index.php?rest_route=%2Fwp%2Fv2%2Ftags&post=3695"}],"curies":[{"name":"wp","href":"https:\/\/api.w.org\/{rel}","templated":true}]}}