{"id":3730,"date":"2021-11-14T21:50:32","date_gmt":"2021-11-15T01:50:32","guid":{"rendered":"http:\/\/radioprimiciapelluhue.cl\/?p=3730"},"modified":"2021-11-14T21:50:33","modified_gmt":"2021-11-15T01:50:33","slug":"carabineros-detuvo-a-dos-sujetos-por-el-delito-de-ley-de-propiedad-industrial-en-cauquenes","status":"publish","type":"post","link":"https:\/\/radioprimiciapelluhue.cl\/?p=3730","title":{"rendered":"CARABINEROS DETUVO A DOS SUJETOS POR EL DELITO DE LEY DE PROPIEDAD INDUSTRIAL EN CAUQUENES"},"content":{"rendered":"\n<p>En horas de la tarde de este s\u00e1bado, en calle Victoria, tras un despliegue r\u00e1pido y efectivo por parte de los funcionarios policiales.<\/p>\n\n\n\n<p>Carabineros de la Secci\u00f3n de Investigaci\u00f3n Policial (S.I.P) de la 4\u00aa. Comisar\u00eda de Cauquenes, en circunstancias que realizaba labores investigativas y de seguridad en el sector c\u00e9ntrico, detectaron en calle Balmaceda esquina Victoria, a un sujeto realizando ventas de cadenas met\u00e1licas de color plata, procediendo a realizar control de identidad, quien se da a la fuga, siendo detenido en pocos minutos, adem\u00e1s se detuvo a un segundo individuo que lo acompa\u00f1aba, quienes manten\u00edan bolsos y en su interior diferentes perfumes y lentes de sol de diferentes marcas.<\/p>\n\n\n\n<p>Los sujetos de iniciales F.A.M.C de 33 a\u00f1os y V. I.E.E de 23 a\u00f1os, ambos de la ciudad de Chillan, con antecedentes penales por diferentes delitos.<\/p>\n\n\n\n<p>Los sujetos fueron puestos a disposici\u00f3n de la justicia.<\/p>\n\n\n\n<figure class=\"wp-block-image size-large\"><a href=\"http:\/\/radioprimiciapelluhue.cl\/wp-content\/uploads\/2021\/11\/CARABINEROS-DETUVO-A-DOS-SUJETOS-POR-EL-DELITO-DE-LEY-DE-PROPIEDAD-INDUSTRIAL-EN-CAUQUENES.jpg\"><img loading=\"lazy\" decoding=\"async\" width=\"1024\" height=\"461\" src=\"http:\/\/radioprimiciapelluhue.cl\/wp-content\/uploads\/2021\/11\/CARABINEROS-DETUVO-A-DOS-SUJETOS-POR-EL-DELITO-DE-LEY-DE-PROPIEDAD-INDUSTRIAL-EN-CAUQUENES-1024x461.jpg\" alt=\"\" class=\"wp-image-3732\" srcset=\"https:\/\/radioprimiciapelluhue.cl\/wp-content\/uploads\/2021\/11\/CARABINEROS-DETUVO-A-DOS-SUJETOS-POR-EL-DELITO-DE-LEY-DE-PROPIEDAD-INDUSTRIAL-EN-CAUQUENES-1024x461.jpg 1024w, https:\/\/radioprimiciapelluhue.cl\/wp-content\/uploads\/2021\/11\/CARABINEROS-DETUVO-A-DOS-SUJETOS-POR-EL-DELITO-DE-LEY-DE-PROPIEDAD-INDUSTRIAL-EN-CAUQUENES-300x135.jpg 300w, https:\/\/radioprimiciapelluhue.cl\/wp-content\/uploads\/2021\/11\/CARABINEROS-DETUVO-A-DOS-SUJETOS-POR-EL-DELITO-DE-LEY-DE-PROPIEDAD-INDUSTRIAL-EN-CAUQUENES-768x346.jpg 768w, https:\/\/radioprimiciapelluhue.cl\/wp-content\/uploads\/2021\/11\/CARABINEROS-DETUVO-A-DOS-SUJETOS-POR-EL-DELITO-DE-LEY-DE-PROPIEDAD-INDUSTRIAL-EN-CAUQUENES.jpg 1422w\" sizes=\"auto, (max-width: 1024px) 100vw, 1024px\" \/><\/a><\/figure>\n","protected":false},"excerpt":{"rendered":"<p>En horas de la tarde de este s\u00e1bado, en calle Victoria, tras un despliegue r\u00e1pido y efectivo por parte de los funcionarios policiales. Carabineros de la Secci\u00f3n de Investigaci\u00f3n Policial (S.I.P) de la 4\u00aa. Comisar\u00eda de Cauquenes, en circunstancias que realizaba labores investigativas y de seguridad en el sector c\u00e9ntrico, detectaron en calle Balmaceda esquina [&hellip;]<\/p>\n","protected":false},"author":2,"featured_media":3198,"comment_status":"closed","ping_status":"closed","sticky":false,"template":"","format":"standard","meta":{"footnotes":""},"categories":[59],"tags":[],"class_list":["post-3730","post","type-post","status-publish","format-standard","has-post-thumbnail","hentry","category-policial"],"_links":{"self":[{"href":"https:\/\/radioprimiciapelluhue.cl\/index.php?rest_route=\/wp\/v2\/posts\/3730","targetHints":{"allow":["GET"]}}],"collection":[{"href":"https:\/\/radioprimiciapelluhue.cl\/index.php?rest_route=\/wp\/v2\/posts"}],"about":[{"href":"https:\/\/radioprimiciapelluhue.cl\/index.php?rest_route=\/wp\/v2\/types\/post"}],"author":[{"embeddable":true,"href":"https:\/\/radioprimiciapelluhue.cl\/index.php?rest_route=\/wp\/v2\/users\/2"}],"replies":[{"embeddable":true,"href":"https:\/\/radioprimiciapelluhue.cl\/index.php?rest_route=%2Fwp%2Fv2%2Fcomments&post=3730"}],"version-history":[{"count":1,"href":"https:\/\/radioprimiciapelluhue.cl\/index.php?rest_route=\/wp\/v2\/posts\/3730\/revisions"}],"predecessor-version":[{"id":3733,"href":"https:\/\/radioprimiciapelluhue.cl\/index.php?rest_route=\/wp\/v2\/posts\/3730\/revisions\/3733"}],"wp:featuredmedia":[{"embeddable":true,"href":"https:\/\/radioprimiciapelluhue.cl\/index.php?rest_route=\/wp\/v2\/media\/3198"}],"wp:attachment":[{"href":"https:\/\/radioprimiciapelluhue.cl\/index.php?rest_route=%2Fwp%2Fv2%2Fmedia&parent=3730"}],"wp:term":[{"taxonomy":"category","embeddable":true,"href":"https:\/\/radioprimiciapelluhue.cl\/index.php?rest_route=%2Fwp%2Fv2%2Fcategories&post=3730"},{"taxonomy":"post_tag","embeddable":true,"href":"https:\/\/radioprimiciapelluhue.cl\/index.php?rest_route=%2Fwp%2Fv2%2Ftags&post=3730"}],"curies":[{"name":"wp","href":"https:\/\/api.w.org\/{rel}","templated":true}]}}