{"id":3746,"date":"2021-11-22T19:49:22","date_gmt":"2021-11-22T23:49:22","guid":{"rendered":"http:\/\/radioprimiciapelluhue.cl\/?p=3746"},"modified":"2021-11-22T19:50:33","modified_gmt":"2021-11-22T23:50:33","slug":"consejeros-regionales-electos-provincia-de-cauquenes-periodo-2022-2026","status":"publish","type":"post","link":"https:\/\/radioprimiciapelluhue.cl\/?p=3746","title":{"rendered":"Consejeros Regionales electos Provincia de Cauquenes per\u00edodo 2022 2026"},"content":{"rendered":"\n<p>Daniel Bustos 2.986 votos con un 13,84%<\/p>\n\n\n\n<p>Juan Andr\u00e9s Mu\u00f1oz 5.453 votos con un 25,27%<\/p>\n\n\n\n<p>De un total de 53.380 votantes s\u00f3lo asistieron a sufragar 23.706 (21.580 por candidatos), con 784 votos nulos y 1.342 votos en blanco.<\/p>\n\n\n\n<p>Fuente <a href=\"http:\/\/www.servel.cl\">www.servel.cl<\/a><\/p>\n\n\n\n<figure class=\"wp-block-image size-large\"><a href=\"http:\/\/radioprimiciapelluhue.cl\/wp-content\/uploads\/2021\/11\/260080016_2257337307739387_1098753138330352936_n.jpg\"><img loading=\"lazy\" decoding=\"async\" width=\"1024\" height=\"1024\" src=\"http:\/\/radioprimiciapelluhue.cl\/wp-content\/uploads\/2021\/11\/260080016_2257337307739387_1098753138330352936_n-1024x1024.jpg\" alt=\"\" class=\"wp-image-3747\" srcset=\"https:\/\/radioprimiciapelluhue.cl\/wp-content\/uploads\/2021\/11\/260080016_2257337307739387_1098753138330352936_n-1024x1024.jpg 1024w, https:\/\/radioprimiciapelluhue.cl\/wp-content\/uploads\/2021\/11\/260080016_2257337307739387_1098753138330352936_n-300x300.jpg 300w, https:\/\/radioprimiciapelluhue.cl\/wp-content\/uploads\/2021\/11\/260080016_2257337307739387_1098753138330352936_n-150x150.jpg 150w, https:\/\/radioprimiciapelluhue.cl\/wp-content\/uploads\/2021\/11\/260080016_2257337307739387_1098753138330352936_n-768x768.jpg 768w, https:\/\/radioprimiciapelluhue.cl\/wp-content\/uploads\/2021\/11\/260080016_2257337307739387_1098753138330352936_n-1536x1536.jpg 1536w, https:\/\/radioprimiciapelluhue.cl\/wp-content\/uploads\/2021\/11\/260080016_2257337307739387_1098753138330352936_n-520x520.jpg 520w, https:\/\/radioprimiciapelluhue.cl\/wp-content\/uploads\/2021\/11\/260080016_2257337307739387_1098753138330352936_n-800x800.jpg 800w, https:\/\/radioprimiciapelluhue.cl\/wp-content\/uploads\/2021\/11\/260080016_2257337307739387_1098753138330352936_n-120x120.jpg 120w, https:\/\/radioprimiciapelluhue.cl\/wp-content\/uploads\/2021\/11\/260080016_2257337307739387_1098753138330352936_n.jpg 2048w\" sizes=\"auto, (max-width: 1024px) 100vw, 1024px\" \/><\/a><\/figure>\n","protected":false},"excerpt":{"rendered":"<p>Daniel Bustos 2.986 votos con un 13,84% Juan Andr\u00e9s Mu\u00f1oz 5.453 votos con un 25,27% De un total de 53.380 votantes s\u00f3lo asistieron a sufragar 23.706 (21.580 por candidatos), con 784 votos nulos y 1.342 votos en blanco. Fuente www.servel.cl<\/p>\n","protected":false},"author":2,"featured_media":3747,"comment_status":"closed","ping_status":"closed","sticky":false,"template":"","format":"standard","meta":{"footnotes":""},"categories":[64],"tags":[],"class_list":["post-3746","post","type-post","status-publish","format-standard","has-post-thumbnail","hentry","category-elecciones-2021"],"_links":{"self":[{"href":"https:\/\/radioprimiciapelluhue.cl\/index.php?rest_route=\/wp\/v2\/posts\/3746","targetHints":{"allow":["GET"]}}],"collection":[{"href":"https:\/\/radioprimiciapelluhue.cl\/index.php?rest_route=\/wp\/v2\/posts"}],"about":[{"href":"https:\/\/radioprimiciapelluhue.cl\/index.php?rest_route=\/wp\/v2\/types\/post"}],"author":[{"embeddable":true,"href":"https:\/\/radioprimiciapelluhue.cl\/index.php?rest_route=\/wp\/v2\/users\/2"}],"replies":[{"embeddable":true,"href":"https:\/\/radioprimiciapelluhue.cl\/index.php?rest_route=%2Fwp%2Fv2%2Fcomments&post=3746"}],"version-history":[{"count":1,"href":"https:\/\/radioprimiciapelluhue.cl\/index.php?rest_route=\/wp\/v2\/posts\/3746\/revisions"}],"predecessor-version":[{"id":3748,"href":"https:\/\/radioprimiciapelluhue.cl\/index.php?rest_route=\/wp\/v2\/posts\/3746\/revisions\/3748"}],"wp:featuredmedia":[{"embeddable":true,"href":"https:\/\/radioprimiciapelluhue.cl\/index.php?rest_route=\/wp\/v2\/media\/3747"}],"wp:attachment":[{"href":"https:\/\/radioprimiciapelluhue.cl\/index.php?rest_route=%2Fwp%2Fv2%2Fmedia&parent=3746"}],"wp:term":[{"taxonomy":"category","embeddable":true,"href":"https:\/\/radioprimiciapelluhue.cl\/index.php?rest_route=%2Fwp%2Fv2%2Fcategories&post=3746"},{"taxonomy":"post_tag","embeddable":true,"href":"https:\/\/radioprimiciapelluhue.cl\/index.php?rest_route=%2Fwp%2Fv2%2Ftags&post=3746"}],"curies":[{"name":"wp","href":"https:\/\/api.w.org\/{rel}","templated":true}]}}