{"id":3756,"date":"2021-11-27T21:44:31","date_gmt":"2021-11-28T01:44:31","guid":{"rendered":"http:\/\/radioprimiciapelluhue.cl\/?p=3756"},"modified":"2021-11-27T21:44:31","modified_gmt":"2021-11-28T01:44:31","slug":"incendio-de-pastizales-comuna-pelluhue-sector-viaducto","status":"publish","type":"post","link":"https:\/\/radioprimiciapelluhue.cl\/?p=3756","title":{"rendered":"INCENDIO DE PASTIZALES COMUNA PELLUHUE SECTOR VIADUCTO"},"content":{"rendered":"\n<p>Hoy 27 de noviembre del 2021 Alrededor de las 16:30 nos informan de incendio quema de pastizales que consumi\u00f3 alrededor de 05, hect\u00e1rea del lugar. Llegaron los equipos de emergencia municipal, Bomberos y la M\u00e1quina 13 de CONAF y con descarga desde el aire por la avioneta contra incendio forestal.<\/p>\n\n\n\n<p>Recordemos que ya las quemas no est\u00e1n autorizadas, estamos en los momentos m\u00e1s complicados de los incendios, a tomar conciencia y no dejar botellas de vidrio tiradas en cualquier parte ya que con el reflejo del sol se produce el efecto LUPA<\/p>\n\n\n\n<p>CONAF 130, BOMBEROS 132, CARABINEROS 133, PDI 134<\/p>\n\n\n\n<p><a href=\"http:\/\/www.conaf.cl\">www.conaf.cl<\/a><\/p>\n\n\n\n<figure class=\"wp-block-image size-large\"><a href=\"http:\/\/radioprimiciapelluhue.cl\/wp-content\/uploads\/2021\/11\/261013377_2261815610624890_1787387236526262069_n.jpg\"><img loading=\"lazy\" decoding=\"async\" width=\"1024\" height=\"576\" src=\"http:\/\/radioprimiciapelluhue.cl\/wp-content\/uploads\/2021\/11\/261013377_2261815610624890_1787387236526262069_n-1024x576.jpg\" alt=\"\" class=\"wp-image-3758\" srcset=\"https:\/\/radioprimiciapelluhue.cl\/wp-content\/uploads\/2021\/11\/261013377_2261815610624890_1787387236526262069_n-1024x576.jpg 1024w, https:\/\/radioprimiciapelluhue.cl\/wp-content\/uploads\/2021\/11\/261013377_2261815610624890_1787387236526262069_n-300x169.jpg 300w, https:\/\/radioprimiciapelluhue.cl\/wp-content\/uploads\/2021\/11\/261013377_2261815610624890_1787387236526262069_n-768x432.jpg 768w, https:\/\/radioprimiciapelluhue.cl\/wp-content\/uploads\/2021\/11\/261013377_2261815610624890_1787387236526262069_n-1536x864.jpg 1536w, https:\/\/radioprimiciapelluhue.cl\/wp-content\/uploads\/2021\/11\/261013377_2261815610624890_1787387236526262069_n-727x409.jpg 727w, https:\/\/radioprimiciapelluhue.cl\/wp-content\/uploads\/2021\/11\/261013377_2261815610624890_1787387236526262069_n-1110x624.jpg 1110w, https:\/\/radioprimiciapelluhue.cl\/wp-content\/uploads\/2021\/11\/261013377_2261815610624890_1787387236526262069_n-720x406.jpg 720w, https:\/\/radioprimiciapelluhue.cl\/wp-content\/uploads\/2021\/11\/261013377_2261815610624890_1787387236526262069_n-750x422.jpg 750w, https:\/\/radioprimiciapelluhue.cl\/wp-content\/uploads\/2021\/11\/261013377_2261815610624890_1787387236526262069_n.jpg 1600w\" sizes=\"auto, (max-width: 1024px) 100vw, 1024px\" \/><\/a><\/figure>\n\n\n\n<figure class=\"wp-block-image size-large\"><a href=\"http:\/\/radioprimiciapelluhue.cl\/wp-content\/uploads\/2021\/11\/261301068_2261805193959265_6289429143172307756_n.jpg\"><img loading=\"lazy\" decoding=\"async\" width=\"576\" height=\"1024\" src=\"http:\/\/radioprimiciapelluhue.cl\/wp-content\/uploads\/2021\/11\/261301068_2261805193959265_6289429143172307756_n-576x1024.jpg\" alt=\"\" class=\"wp-image-3759\" srcset=\"https:\/\/radioprimiciapelluhue.cl\/wp-content\/uploads\/2021\/11\/261301068_2261805193959265_6289429143172307756_n-576x1024.jpg 576w, https:\/\/radioprimiciapelluhue.cl\/wp-content\/uploads\/2021\/11\/261301068_2261805193959265_6289429143172307756_n-169x300.jpg 169w, https:\/\/radioprimiciapelluhue.cl\/wp-content\/uploads\/2021\/11\/261301068_2261805193959265_6289429143172307756_n-768x1365.jpg 768w, https:\/\/radioprimiciapelluhue.cl\/wp-content\/uploads\/2021\/11\/261301068_2261805193959265_6289429143172307756_n-864x1536.jpg 864w, https:\/\/radioprimiciapelluhue.cl\/wp-content\/uploads\/2021\/11\/261301068_2261805193959265_6289429143172307756_n.jpg 900w\" sizes=\"auto, (max-width: 576px) 100vw, 576px\" \/><\/a><\/figure>\n","protected":false},"excerpt":{"rendered":"<p>Hoy 27 de noviembre del 2021 Alrededor de las 16:30 nos informan de incendio quema de pastizales que consumi\u00f3 alrededor de 05, hect\u00e1rea del lugar. Llegaron los equipos de emergencia municipal, Bomberos y la M\u00e1quina 13 de CONAF y con descarga desde el aire por la avioneta contra incendio forestal. Recordemos que ya las quemas [&hellip;]<\/p>\n","protected":false},"author":2,"featured_media":3757,"comment_status":"closed","ping_status":"closed","sticky":false,"template":"","format":"standard","meta":{"footnotes":""},"categories":[2],"tags":[],"class_list":["post-3756","post","type-post","status-publish","format-standard","has-post-thumbnail","hentry","category-noticias"],"_links":{"self":[{"href":"https:\/\/radioprimiciapelluhue.cl\/index.php?rest_route=\/wp\/v2\/posts\/3756","targetHints":{"allow":["GET"]}}],"collection":[{"href":"https:\/\/radioprimiciapelluhue.cl\/index.php?rest_route=\/wp\/v2\/posts"}],"about":[{"href":"https:\/\/radioprimiciapelluhue.cl\/index.php?rest_route=\/wp\/v2\/types\/post"}],"author":[{"embeddable":true,"href":"https:\/\/radioprimiciapelluhue.cl\/index.php?rest_route=\/wp\/v2\/users\/2"}],"replies":[{"embeddable":true,"href":"https:\/\/radioprimiciapelluhue.cl\/index.php?rest_route=%2Fwp%2Fv2%2Fcomments&post=3756"}],"version-history":[{"count":1,"href":"https:\/\/radioprimiciapelluhue.cl\/index.php?rest_route=\/wp\/v2\/posts\/3756\/revisions"}],"predecessor-version":[{"id":3760,"href":"https:\/\/radioprimiciapelluhue.cl\/index.php?rest_route=\/wp\/v2\/posts\/3756\/revisions\/3760"}],"wp:featuredmedia":[{"embeddable":true,"href":"https:\/\/radioprimiciapelluhue.cl\/index.php?rest_route=\/wp\/v2\/media\/3757"}],"wp:attachment":[{"href":"https:\/\/radioprimiciapelluhue.cl\/index.php?rest_route=%2Fwp%2Fv2%2Fmedia&parent=3756"}],"wp:term":[{"taxonomy":"category","embeddable":true,"href":"https:\/\/radioprimiciapelluhue.cl\/index.php?rest_route=%2Fwp%2Fv2%2Fcategories&post=3756"},{"taxonomy":"post_tag","embeddable":true,"href":"https:\/\/radioprimiciapelluhue.cl\/index.php?rest_route=%2Fwp%2Fv2%2Ftags&post=3756"}],"curies":[{"name":"wp","href":"https:\/\/api.w.org\/{rel}","templated":true}]}}