{"id":3773,"date":"2021-11-29T22:12:39","date_gmt":"2021-11-30T02:12:39","guid":{"rendered":"http:\/\/radioprimiciapelluhue.cl\/?p=3773"},"modified":"2021-11-29T22:12:40","modified_gmt":"2021-11-30T02:12:40","slug":"senadora-rincon-y-fatal-accidente-en-achibuenofamilia-merece-una-explicacion-clara-y-rapida","status":"publish","type":"post","link":"https:\/\/radioprimiciapelluhue.cl\/?p=3773","title":{"rendered":"Senadora Rinc\u00f3n y fatal accidente en AChibueno\u201cFamilia merece una explicaci\u00f3n clara y r\u00e1pida\u201d"},"content":{"rendered":"\n<p><strong>Parlamentaria recalc\u00f3 que hechos ocurricos en El Pe\u00f1asco, no pueden<\/strong><\/p>\n\n\n\n<p><strong>repetirse. \u201cNunca m\u00e1s un paseo familiar a un lugar tan bello, puedo<\/strong><\/p>\n\n\n\n<p><strong>terminar en una tragedia como esta\u201d, sostuvo la parlamentaria<\/strong><\/p>\n\n\n\n<p><strong>Un llamado al Ministro de Obras P\u00fablicas para que explique clara y r\u00e1pidamente a la<\/strong><\/p>\n\n\n\n<p><strong>familia de la ni\u00f1a fallecida en la pasarela sobre el r\u00edo Achibueno en El Pe\u00f1asco, las<\/strong><\/p>\n\n\n\n<p><strong>causas y responsabilidades del fatal accidente, formul\u00f3 la presidenta del Senado,<\/strong><\/p>\n\n\n\n<p><strong>Ximena Rinc\u00f3n Gonz\u00e1lez, quien recalc\u00f3 que la familia de la peque\u00f1a merece, al menos,<\/strong><\/p>\n\n\n\n<p><strong>una explicaci\u00f3n clara y r\u00e1pida.<\/strong><\/p>\n\n\n\n<p><strong>\u201cEn un accidente que se pudo evitar, una ni\u00f1a falleci\u00f3 al caer de una pasarela en el r\u00edo<\/strong><\/p>\n\n\n\n<p><strong>Achibueno. Por ella y por su familia, solicitamos al Ministerio de Obras P\u00fablicas que<\/strong><\/p>\n\n\n\n<p><strong>con celeridad determine causas y responsabilidades para que nunca m\u00e1s un paseo<\/strong><\/p>\n\n\n\n<p><strong>familiar termine en una tragedia como esta\u201d, puntualiz\u00f3 la legisladora.<\/strong><\/p>\n\n\n\n<p><strong>Agreg\u00f3 que si se comprueba que fue una parte de la pasarela la que cedi\u00f3 y provoc\u00f3 la<\/strong><\/p>\n\n\n\n<p><strong>ca\u00edda de la menor, deben asumirse las responsabilidades asociadas a un hecho tan<\/strong><\/p>\n\n\n\n<p><strong>lamentable.<\/strong><\/p>\n\n\n\n<p><strong>Para la legisladora, esta tragedia no puede ser en vano y debe propiciar un trabajo<\/strong><\/p>\n\n\n\n<p><strong>conjunto que d\u00e9 al Achibueno todas las condiciones necesarias para transformarse en<\/strong><\/p>\n\n\n\n<p><strong>un lugar seguro para las miles de personas que cada a\u00f1o lo visitan.<\/strong><\/p>\n\n\n\n<p><strong>\u201cLo que pas\u00f3 este s\u00e1bado no puede volver a ocurrir. Los accidentes tienen causas y<\/strong><\/p>\n\n\n\n<p><strong>esas causas deben ser minimizadas. Necesitamos se\u00f1al\u00e9ticas que adviertan riesgos,<\/strong><\/p>\n\n\n\n<p><strong>mantenci\u00f3n permanente de puentes y pasarelas, contenedores para basura y una serie<\/strong><\/p>\n\n\n\n<p><strong>de inversiones que den seguridad a unas de las zonas con mayor belleza natural en el<\/strong><\/p>\n\n\n\n<p><strong>Maule y que atrae a miles de visitantes por a\u00f1o\u201d, concluy\u00f3.<\/strong><\/p>\n\n\n\n<figure class=\"wp-block-image size-full\"><a href=\"http:\/\/radioprimiciapelluhue.cl\/wp-content\/uploads\/2021\/11\/11-29-accidente-achibueno.jpg\"><img loading=\"lazy\" decoding=\"async\" width=\"969\" height=\"698\" src=\"http:\/\/radioprimiciapelluhue.cl\/wp-content\/uploads\/2021\/11\/11-29-accidente-achibueno.jpg\" alt=\"\" class=\"wp-image-3774\" srcset=\"https:\/\/radioprimiciapelluhue.cl\/wp-content\/uploads\/2021\/11\/11-29-accidente-achibueno.jpg 969w, https:\/\/radioprimiciapelluhue.cl\/wp-content\/uploads\/2021\/11\/11-29-accidente-achibueno-300x216.jpg 300w, https:\/\/radioprimiciapelluhue.cl\/wp-content\/uploads\/2021\/11\/11-29-accidente-achibueno-768x553.jpg 768w\" sizes=\"auto, (max-width: 969px) 100vw, 969px\" \/><\/a><\/figure>\n","protected":false},"excerpt":{"rendered":"<p>Parlamentaria recalc\u00f3 que hechos ocurricos en El Pe\u00f1asco, no pueden repetirse. \u201cNunca m\u00e1s un paseo familiar a un lugar tan bello, puedo terminar en una tragedia como esta\u201d, sostuvo la parlamentaria Un llamado al Ministro de Obras P\u00fablicas para que explique clara y r\u00e1pidamente a la familia de la ni\u00f1a fallecida en la pasarela sobre [&hellip;]<\/p>\n","protected":false},"author":2,"featured_media":3628,"comment_status":"closed","ping_status":"closed","sticky":false,"template":"","format":"standard","meta":{"footnotes":""},"categories":[60],"tags":[],"class_list":["post-3773","post","type-post","status-publish","format-standard","has-post-thumbnail","hentry","category-politica"],"_links":{"self":[{"href":"https:\/\/radioprimiciapelluhue.cl\/index.php?rest_route=\/wp\/v2\/posts\/3773","targetHints":{"allow":["GET"]}}],"collection":[{"href":"https:\/\/radioprimiciapelluhue.cl\/index.php?rest_route=\/wp\/v2\/posts"}],"about":[{"href":"https:\/\/radioprimiciapelluhue.cl\/index.php?rest_route=\/wp\/v2\/types\/post"}],"author":[{"embeddable":true,"href":"https:\/\/radioprimiciapelluhue.cl\/index.php?rest_route=\/wp\/v2\/users\/2"}],"replies":[{"embeddable":true,"href":"https:\/\/radioprimiciapelluhue.cl\/index.php?rest_route=%2Fwp%2Fv2%2Fcomments&post=3773"}],"version-history":[{"count":1,"href":"https:\/\/radioprimiciapelluhue.cl\/index.php?rest_route=\/wp\/v2\/posts\/3773\/revisions"}],"predecessor-version":[{"id":3775,"href":"https:\/\/radioprimiciapelluhue.cl\/index.php?rest_route=\/wp\/v2\/posts\/3773\/revisions\/3775"}],"wp:featuredmedia":[{"embeddable":true,"href":"https:\/\/radioprimiciapelluhue.cl\/index.php?rest_route=\/wp\/v2\/media\/3628"}],"wp:attachment":[{"href":"https:\/\/radioprimiciapelluhue.cl\/index.php?rest_route=%2Fwp%2Fv2%2Fmedia&parent=3773"}],"wp:term":[{"taxonomy":"category","embeddable":true,"href":"https:\/\/radioprimiciapelluhue.cl\/index.php?rest_route=%2Fwp%2Fv2%2Fcategories&post=3773"},{"taxonomy":"post_tag","embeddable":true,"href":"https:\/\/radioprimiciapelluhue.cl\/index.php?rest_route=%2Fwp%2Fv2%2Ftags&post=3773"}],"curies":[{"name":"wp","href":"https:\/\/api.w.org\/{rel}","templated":true}]}}