{"id":3781,"date":"2021-12-03T12:09:32","date_gmt":"2021-12-03T16:09:32","guid":{"rendered":"http:\/\/radioprimiciapelluhue.cl\/?p=3781"},"modified":"2021-12-03T12:09:33","modified_gmt":"2021-12-03T16:09:33","slug":"la-camara-de-diputadas-y-diputados-rechazo-este-viernes-el-proyecto-que-busca-un-cuarto-retiro-del-10-desde-los-fondos-previsionales","status":"publish","type":"post","link":"https:\/\/radioprimiciapelluhue.cl\/?p=3781","title":{"rendered":"La C\u00e1mara de Diputadas y Diputados rechaz\u00f3 este viernes el proyecto que busca un cuarto retiro del 10% desde los fondos previsionales."},"content":{"rendered":"\n<p>Con votos a 89 favor, 29 en contra y 8 abstenciones, la iniciativa&nbsp;<strong>no logr\u00f3 los 93 sufragios necesarios para continuar con su tr\u00e1mite legislativo.<\/strong><\/p>\n\n\n\n<p>Tras este resultado, la iniciativa&nbsp;<strong>no podr\u00e1 seguir su camino legislativo<\/strong>, ya que si bien el Senado puede votar el mismo informe, para que este sea despachado a ley debe contar con la aprobaci\u00f3n de ambas c\u00e1maras.<\/p>\n\n\n\n<p>Sin embargo,<strong>&nbsp;como la medida logr\u00f3 ser aprobada en general el pasado 28 de septiembre, si alg\u00fan parlamentario o parlamentaria desea podr\u00eda volver a presentar nuevamente un proyecto similar.<\/strong><\/p>\n\n\n\n<p>Al respecto, el diputado&nbsp;<strong>Jorge Dur\u00e1n (RN)<\/strong>&nbsp;dijo previo a la votaci\u00f3n que, si notaba un entorpecimiento en el tr\u00e1mite, expondr\u00eda una moci\u00f3n para un quinto retiro desde los fondos previsionales, aludiendo a la \u00aburgencia\u00bb que el Gobierno le coloc\u00f3 a la idea y la modificaci\u00f3n de plazos que ello implic\u00f3.<\/p>\n\n\n\n<p>\u00abMuchos parlamentarios estuvimos en Valpara\u00edso el mi\u00e9rcoles hasta la hora de almuerzo y en la cual muchos colegas ya ten\u00edan programados sus vuelos, ten\u00edan claridad de que se iba a votar el d\u00eda lunes.&nbsp;<strong>Pero despu\u00e9s en la tarde, cuando van a mitad de vuelo y llegan a sus respectivas regiones, se enteraron que ten\u00eda que volver el d\u00eda viernes<\/strong>\u00ab, cont\u00f3 Dur\u00e1n.<\/p>\n\n\n\n<p><a href=\"https:\/\/www.24horas.cl\/politica\/no-logro-votos-necesarios-diputadas-y-diputados-rechazan-el-cuarto-retiro-del-10-5087772\">https:\/\/www.24horas.cl\/politica\/no-logro-votos-necesarios-diputadas-y-diputados-rechazan-el-cuarto-retiro-del-10-5087772<\/a><\/p>\n\n\n\n<figure class=\"wp-block-image size-full\"><a href=\"http:\/\/radioprimiciapelluhue.cl\/wp-content\/uploads\/2021\/12\/4TO-RETIRO-RECHAZADO.jpg\"><img loading=\"lazy\" decoding=\"async\" width=\"855\" height=\"536\" src=\"http:\/\/radioprimiciapelluhue.cl\/wp-content\/uploads\/2021\/12\/4TO-RETIRO-RECHAZADO.jpg\" alt=\"\" class=\"wp-image-3782\" srcset=\"https:\/\/radioprimiciapelluhue.cl\/wp-content\/uploads\/2021\/12\/4TO-RETIRO-RECHAZADO.jpg 855w, https:\/\/radioprimiciapelluhue.cl\/wp-content\/uploads\/2021\/12\/4TO-RETIRO-RECHAZADO-300x188.jpg 300w, https:\/\/radioprimiciapelluhue.cl\/wp-content\/uploads\/2021\/12\/4TO-RETIRO-RECHAZADO-768x481.jpg 768w\" sizes=\"auto, (max-width: 855px) 100vw, 855px\" \/><\/a><\/figure>\n\n\n\n<p>FUENTE 24 HORAS<\/p>\n","protected":false},"excerpt":{"rendered":"<p>Con votos a 89 favor, 29 en contra y 8 abstenciones, la iniciativa&nbsp;no logr\u00f3 los 93 sufragios necesarios para continuar con su tr\u00e1mite legislativo. Tras este resultado, la iniciativa&nbsp;no podr\u00e1 seguir su camino legislativo, ya que si bien el Senado puede votar el mismo informe, para que este sea despachado a ley debe contar con [&hellip;]<\/p>\n","protected":false},"author":2,"featured_media":3782,"comment_status":"closed","ping_status":"closed","sticky":false,"template":"","format":"standard","meta":{"footnotes":""},"categories":[60],"tags":[],"class_list":["post-3781","post","type-post","status-publish","format-standard","has-post-thumbnail","hentry","category-politica"],"_links":{"self":[{"href":"https:\/\/radioprimiciapelluhue.cl\/index.php?rest_route=\/wp\/v2\/posts\/3781","targetHints":{"allow":["GET"]}}],"collection":[{"href":"https:\/\/radioprimiciapelluhue.cl\/index.php?rest_route=\/wp\/v2\/posts"}],"about":[{"href":"https:\/\/radioprimiciapelluhue.cl\/index.php?rest_route=\/wp\/v2\/types\/post"}],"author":[{"embeddable":true,"href":"https:\/\/radioprimiciapelluhue.cl\/index.php?rest_route=\/wp\/v2\/users\/2"}],"replies":[{"embeddable":true,"href":"https:\/\/radioprimiciapelluhue.cl\/index.php?rest_route=%2Fwp%2Fv2%2Fcomments&post=3781"}],"version-history":[{"count":1,"href":"https:\/\/radioprimiciapelluhue.cl\/index.php?rest_route=\/wp\/v2\/posts\/3781\/revisions"}],"predecessor-version":[{"id":3783,"href":"https:\/\/radioprimiciapelluhue.cl\/index.php?rest_route=\/wp\/v2\/posts\/3781\/revisions\/3783"}],"wp:featuredmedia":[{"embeddable":true,"href":"https:\/\/radioprimiciapelluhue.cl\/index.php?rest_route=\/wp\/v2\/media\/3782"}],"wp:attachment":[{"href":"https:\/\/radioprimiciapelluhue.cl\/index.php?rest_route=%2Fwp%2Fv2%2Fmedia&parent=3781"}],"wp:term":[{"taxonomy":"category","embeddable":true,"href":"https:\/\/radioprimiciapelluhue.cl\/index.php?rest_route=%2Fwp%2Fv2%2Fcategories&post=3781"},{"taxonomy":"post_tag","embeddable":true,"href":"https:\/\/radioprimiciapelluhue.cl\/index.php?rest_route=%2Fwp%2Fv2%2Ftags&post=3781"}],"curies":[{"name":"wp","href":"https:\/\/api.w.org\/{rel}","templated":true}]}}