{"id":3792,"date":"2021-12-14T12:45:55","date_gmt":"2021-12-14T16:45:55","guid":{"rendered":"http:\/\/radioprimiciapelluhue.cl\/?p=3792"},"modified":"2021-12-14T12:45:55","modified_gmt":"2021-12-14T16:45:55","slug":"ministerio-de-justicia-anuncia-nuevo-decreto-que-extiende-la-vigencia-de-las-cedulas-de-identidad-para-personas-chilenas-habra-plazo-hasta-2022-y-2023","status":"publish","type":"post","link":"https:\/\/radioprimiciapelluhue.cl\/?p=3792","title":{"rendered":"Ministerio de Justicia anuncia nuevo decreto que extiende la vigencia de las c\u00e9dulas de identidad para personas chilenas: habr\u00e1 plazo hasta 2022 y 2023"},"content":{"rendered":"\n<ul class=\"wp-block-list\"><li>Esto como una medida para evitar el atochamiento de las oficinas, ante el pr\u00f3ximo vencimiento de 1.4 millones de c\u00e9dulas nacionales, este 31 de diciembre.<\/li><li>Con el nuevo decreto, las c\u00e9dulas vencidas entre marzo y diciembre de 2020 y 2021, durar\u00e1n hasta el mismo d\u00eda y mes que indica el documento, pero del a\u00f1o 2022.<\/li><li>Esta ma\u00f1ana el ministro de Justicia y Derechos Humanos, Hern\u00e1n Larra\u00edn, junto al subsecretario de Justicia, Sebasti\u00e1n Valenzuela, y al director nacional del Registro Civil, Sergio Mierzejewski, anunciaron u<strong>n nuevo decreto para extender la vigencia de las c\u00e9dulas de identidad de personas chilenas<\/strong>.<\/li><li>Lo anterior, como una medida&nbsp;<strong>para evitar el atochamiento de las oficinas, ante el pr\u00f3ximo vencimiento de 1.4 millones de c\u00e9dulas nacionales<\/strong>, este 31 de diciembre.<\/li><li>De esta forma, con el nuevo decreto,&nbsp;<strong>las c\u00e9dulas vencidas entre marzo y diciembre de 2020 y 2021, durar\u00e1n hasta el mismo d\u00eda y mes que indica el documento, pero del a\u00f1o 2022. Y las c\u00e9dulas vencidas en enero o febrero de los a\u00f1os 2020, 2021 y 2022, durar\u00e1n hasta el mismo d\u00eda y mes que indica el documento, pero del a\u00f1o 2023<\/strong>.<\/li><li>Por ejemplo,&nbsp;si una c\u00e9dula venci\u00f3 el 4 de abril de 2020, se extiende hasta el 4 de abril de 2022; y si una c\u00e9dula venci\u00f3 el 7 de febrero de 2021, se extiende hasta el 7 de febrero de 2023.<\/li><li>El ministro de Justicia y Derechos Humanos, Hern\u00e1n Larra\u00edn, llam\u00f3 a la ciudadan\u00eda \u201ca aprovechar este nuevo decreto&nbsp;<strong>para programar con tiempo la renovaci\u00f3n de sus c\u00e9dulas de identidad, utilizando la ampliaci\u00f3n de horas y oficinas con sistema de agendamiento, que anunciamos hace algunas semanas<\/strong>. Es importante que no vuelva a producirse una recarga excesiva en el sistema, dado que muchos se relajan, y dejan para el \u00faltimo la renovaci\u00f3n del documento. En esta ocasi\u00f3n,&nbsp;<strong>estamos dando varios meses de plazo, para que las personas puedan organizarse<\/strong>\u201d.<\/li><li>En tanto, el director nacional del Registro Civil, Sergio Mierzejewski, explic\u00f3 que \u201cdesde el lanzamiento del plan de normalizaci\u00f3n de c\u00e9dulas de identidad, ya hemos renovado un 33% del total de documentos expirados, adem\u00e1s hemos aumentado nuestra capacidad de atenci\u00f3n en un 100% lo que nos permite mayor cobertura. Asimismo,&nbsp;<strong>hacemos un llamado a agendar con tiempo, dado que existen horas para los pr\u00f3ximos seis meses, en la totalidad de las oficinas. Y lo m\u00e1s importante, es reiterar que este sistema de agendamiento permite evitar filas, ya que el usuario debe presentarse en el d\u00eda y hora indicado, de manera puntual, sin necesidad de llegar antes<\/strong>\u201d.<\/li><\/ul>\n\n\n\n<p>El presente decreto que extiende nuevamente la vigencia de las c\u00e9dulas para chilenos es v\u00e1lido para tr\u00e1mites que se realicen en territorio nacional en instituciones p\u00fablicas o privadas. Respecto a las personas extranjeras, la pr\u00f3rroga contin\u00faa siendo hasta el 28 de febrero de 2022<\/p>\n\n\n\n<p><a href=\"https:\/\/www.gob.cl\/noticias\/ministerio-de-justicia-anuncia-nuevo-decreto-que-extiende-la-vigencia-de-las-cedulas-de-identidad-para-personas-chilenas-habra-plazo-hasta-2022-y-2023\/\">https:\/\/www.gob.cl\/noticias\/ministerio-de-justicia-anuncia-nuevo-decreto-que-extiende-la-vigencia-de-las-cedulas-de-identidad-para-personas-chilenas-habra-plazo-hasta-2022-y-2023\/<\/a><\/p>\n\n\n\n<figure class=\"wp-block-image size-large\"><a href=\"http:\/\/radioprimiciapelluhue.cl\/wp-content\/uploads\/2021\/12\/1.jpg\"><img loading=\"lazy\" decoding=\"async\" width=\"1024\" height=\"569\" src=\"http:\/\/radioprimiciapelluhue.cl\/wp-content\/uploads\/2021\/12\/1-1024x569.jpg\" alt=\"\" class=\"wp-image-3793\" srcset=\"https:\/\/radioprimiciapelluhue.cl\/wp-content\/uploads\/2021\/12\/1-1024x569.jpg 1024w, https:\/\/radioprimiciapelluhue.cl\/wp-content\/uploads\/2021\/12\/1-300x167.jpg 300w, https:\/\/radioprimiciapelluhue.cl\/wp-content\/uploads\/2021\/12\/1-768x427.jpg 768w, https:\/\/radioprimiciapelluhue.cl\/wp-content\/uploads\/2021\/12\/1.jpg 1280w\" sizes=\"auto, (max-width: 1024px) 100vw, 1024px\" \/><\/a><\/figure>\n\n\n\n<figure class=\"wp-block-image size-large\"><a href=\"http:\/\/radioprimiciapelluhue.cl\/wp-content\/uploads\/2021\/12\/2.jpg\"><img loading=\"lazy\" decoding=\"async\" width=\"1024\" height=\"569\" src=\"http:\/\/radioprimiciapelluhue.cl\/wp-content\/uploads\/2021\/12\/2-1024x569.jpg\" alt=\"\" class=\"wp-image-3794\" srcset=\"https:\/\/radioprimiciapelluhue.cl\/wp-content\/uploads\/2021\/12\/2-1024x569.jpg 1024w, https:\/\/radioprimiciapelluhue.cl\/wp-content\/uploads\/2021\/12\/2-300x167.jpg 300w, https:\/\/radioprimiciapelluhue.cl\/wp-content\/uploads\/2021\/12\/2-768x427.jpg 768w, https:\/\/radioprimiciapelluhue.cl\/wp-content\/uploads\/2021\/12\/2.jpg 1280w\" sizes=\"auto, (max-width: 1024px) 100vw, 1024px\" \/><\/a><\/figure>\n","protected":false},"excerpt":{"rendered":"<p>Esto como una medida para evitar el atochamiento de las oficinas, ante el pr\u00f3ximo vencimiento de 1.4 millones de c\u00e9dulas nacionales, este 31 de diciembre. Con el nuevo decreto, las c\u00e9dulas vencidas entre marzo y diciembre de 2020 y 2021, durar\u00e1n hasta el mismo d\u00eda y mes que indica el documento, pero del a\u00f1o 2022. [&hellip;]<\/p>\n","protected":false},"author":2,"featured_media":3795,"comment_status":"closed","ping_status":"closed","sticky":false,"template":"","format":"standard","meta":{"footnotes":""},"categories":[2],"tags":[],"class_list":["post-3792","post","type-post","status-publish","format-standard","has-post-thumbnail","hentry","category-noticias"],"_links":{"self":[{"href":"https:\/\/radioprimiciapelluhue.cl\/index.php?rest_route=\/wp\/v2\/posts\/3792","targetHints":{"allow":["GET"]}}],"collection":[{"href":"https:\/\/radioprimiciapelluhue.cl\/index.php?rest_route=\/wp\/v2\/posts"}],"about":[{"href":"https:\/\/radioprimiciapelluhue.cl\/index.php?rest_route=\/wp\/v2\/types\/post"}],"author":[{"embeddable":true,"href":"https:\/\/radioprimiciapelluhue.cl\/index.php?rest_route=\/wp\/v2\/users\/2"}],"replies":[{"embeddable":true,"href":"https:\/\/radioprimiciapelluhue.cl\/index.php?rest_route=%2Fwp%2Fv2%2Fcomments&post=3792"}],"version-history":[{"count":1,"href":"https:\/\/radioprimiciapelluhue.cl\/index.php?rest_route=\/wp\/v2\/posts\/3792\/revisions"}],"predecessor-version":[{"id":3796,"href":"https:\/\/radioprimiciapelluhue.cl\/index.php?rest_route=\/wp\/v2\/posts\/3792\/revisions\/3796"}],"wp:featuredmedia":[{"embeddable":true,"href":"https:\/\/radioprimiciapelluhue.cl\/index.php?rest_route=\/wp\/v2\/media\/3795"}],"wp:attachment":[{"href":"https:\/\/radioprimiciapelluhue.cl\/index.php?rest_route=%2Fwp%2Fv2%2Fmedia&parent=3792"}],"wp:term":[{"taxonomy":"category","embeddable":true,"href":"https:\/\/radioprimiciapelluhue.cl\/index.php?rest_route=%2Fwp%2Fv2%2Fcategories&post=3792"},{"taxonomy":"post_tag","embeddable":true,"href":"https:\/\/radioprimiciapelluhue.cl\/index.php?rest_route=%2Fwp%2Fv2%2Ftags&post=3792"}],"curies":[{"name":"wp","href":"https:\/\/api.w.org\/{rel}","templated":true}]}}