{"id":3804,"date":"2021-12-19T18:59:24","date_gmt":"2021-12-19T22:59:24","guid":{"rendered":"http:\/\/radioprimiciapelluhue.cl\/?p=3804"},"modified":"2021-12-19T18:59:25","modified_gmt":"2021-12-19T22:59:25","slug":"ya-el-pais-decidio-el-futuro-presidente-para-los-proximos-4-anos-gabriel-boric-2022-2026","status":"publish","type":"post","link":"https:\/\/radioprimiciapelluhue.cl\/?p=3804","title":{"rendered":"Ya el pa\u00eds decidi\u00f3 el futuro Presidente para los pr\u00f3ximos 4 a\u00f1os Gabriel Boric 2022 2026."},"content":{"rendered":"\n<figure class=\"wp-block-image size-full\"><a href=\"http:\/\/radioprimiciapelluhue.cl\/wp-content\/uploads\/2021\/12\/WhatsApp-Image-2021-12-19-at-19.43.52.jpeg\"><img loading=\"lazy\" decoding=\"async\" width=\"589\" height=\"322\" src=\"http:\/\/radioprimiciapelluhue.cl\/wp-content\/uploads\/2021\/12\/WhatsApp-Image-2021-12-19-at-19.43.52.jpeg\" alt=\"\" class=\"wp-image-3805\" srcset=\"https:\/\/radioprimiciapelluhue.cl\/wp-content\/uploads\/2021\/12\/WhatsApp-Image-2021-12-19-at-19.43.52.jpeg 589w, https:\/\/radioprimiciapelluhue.cl\/wp-content\/uploads\/2021\/12\/WhatsApp-Image-2021-12-19-at-19.43.52-300x164.jpeg 300w\" sizes=\"auto, (max-width: 589px) 100vw, 589px\" \/><\/a><\/figure>\n","protected":false},"excerpt":{"rendered":"","protected":false},"author":2,"featured_media":3805,"comment_status":"closed","ping_status":"closed","sticky":false,"template":"","format":"standard","meta":{"footnotes":""},"categories":[2],"tags":[],"class_list":["post-3804","post","type-post","status-publish","format-standard","has-post-thumbnail","hentry","category-noticias"],"_links":{"self":[{"href":"https:\/\/radioprimiciapelluhue.cl\/index.php?rest_route=\/wp\/v2\/posts\/3804","targetHints":{"allow":["GET"]}}],"collection":[{"href":"https:\/\/radioprimiciapelluhue.cl\/index.php?rest_route=\/wp\/v2\/posts"}],"about":[{"href":"https:\/\/radioprimiciapelluhue.cl\/index.php?rest_route=\/wp\/v2\/types\/post"}],"author":[{"embeddable":true,"href":"https:\/\/radioprimiciapelluhue.cl\/index.php?rest_route=\/wp\/v2\/users\/2"}],"replies":[{"embeddable":true,"href":"https:\/\/radioprimiciapelluhue.cl\/index.php?rest_route=%2Fwp%2Fv2%2Fcomments&post=3804"}],"version-history":[{"count":1,"href":"https:\/\/radioprimiciapelluhue.cl\/index.php?rest_route=\/wp\/v2\/posts\/3804\/revisions"}],"predecessor-version":[{"id":3807,"href":"https:\/\/radioprimiciapelluhue.cl\/index.php?rest_route=\/wp\/v2\/posts\/3804\/revisions\/3807"}],"wp:featuredmedia":[{"embeddable":true,"href":"https:\/\/radioprimiciapelluhue.cl\/index.php?rest_route=\/wp\/v2\/media\/3805"}],"wp:attachment":[{"href":"https:\/\/radioprimiciapelluhue.cl\/index.php?rest_route=%2Fwp%2Fv2%2Fmedia&parent=3804"}],"wp:term":[{"taxonomy":"category","embeddable":true,"href":"https:\/\/radioprimiciapelluhue.cl\/index.php?rest_route=%2Fwp%2Fv2%2Fcategories&post=3804"},{"taxonomy":"post_tag","embeddable":true,"href":"https:\/\/radioprimiciapelluhue.cl\/index.php?rest_route=%2Fwp%2Fv2%2Ftags&post=3804"}],"curies":[{"name":"wp","href":"https:\/\/api.w.org\/{rel}","templated":true}]}}