{"id":3808,"date":"2021-12-21T11:52:48","date_gmt":"2021-12-21T15:52:48","guid":{"rendered":"http:\/\/radioprimiciapelluhue.cl\/?p=3808"},"modified":"2021-12-21T11:52:49","modified_gmt":"2021-12-21T15:52:49","slug":"carabineros-comunitarios-reafirma-el-compromiso-con-la-comunidad-de-linares","status":"publish","type":"post","link":"https:\/\/radioprimiciapelluhue.cl\/?p=3808","title":{"rendered":"CARABINEROS COMUNITARIOS REAFIRMA EL COMPROMISO CON LA COMUNIDAD DE LINARES."},"content":{"rendered":"\n<p>En v\u00edsperas de fin de a\u00f1o, los funcionarios policiales ayudan con aquellos vecinos que m\u00e1s lo requieren, junto con la colaboraci\u00f3n de la Municipalidad de la ciudad.<\/p>\n\n\n\n<p>Carabineros de la Oficina de Integraci\u00f3n comunitaria de la 1era. Comisar\u00eda de Linares, liderados por el Suboficial Mayor Jos\u00e9 Norambuena en v\u00edsperas navide\u00f1as desarrollan diversas actividades en beneficio de los vecinos que m\u00e1s lo requieren, es por ello que debido a diversas gestiones en las que se trabaja y con la cooperaci\u00f3n de la Ilustre Municipalidad de Linares se han entregado cajas solidarias con alimentos a familias de la ciudad, las que fueron escogidas tras el levantamiento de informaci\u00f3n sistem\u00e1tica, lo que permite encauzar diferentes acciones de asistencia. En esta ocasi\u00f3n Don Juan y la Sra. Olga del sector \u201cLa Empresa\u201d, Rosa y su familia de \u201cBuen amigo\u201d de Palmilla, la Sra. Sandra del centro de la ciudad, y la Sra. Marina junto a su hija de la poblaci\u00f3n Jos\u00e9 Mar\u00eda Bari recibieron una caja solidaria con diferentes alimentos en v\u00edsperas de navidad, como una manera de cooperar y ayudar.<br>El jefe de la Oficina de Integraci\u00f3n Comunitaria de la 1era. Comisar\u00eda de Linares, Suboficial Mayor Jos\u00e9 Norambuena coment\u00f3 sobre la labor de acercamiento con los vecinos y el grado de afiatamiento que se logra, resaltando que la confianza depositada en los funcionarios policiales es \u00fanica \u201cLa comunidad cuenta con Carabineros, ya que efectuamos una labor constante y propicia, apuntando a las necesidades de las personas que lo necesitan; llevando una palabra de aliento o simplemente compa\u00f1\u00eda en ocasiones, adem\u00e1s de cooperaci\u00f3n de diferente \u00edndole, las que se concretan gracias a la ayuda de la comunidad y de instituciones, las que permiten continuar con las acciones solidarias\u201d dijo el Jefe de la Ofician de Integraci\u00f3n Comunitaria de Linares.<br>Focalizar las problem\u00e1ticas existentes en la comuna es el principal rol que ejercen los Carabineros Comunitarios, sumado a la entrega de prevenci\u00f3n y autocuidado, las que son acciones que son agradecidas por parte de la ciudadan\u00eda.<br>CARABINEROS DE CHILE, LA PREVENCI\u00d3N ES NUESTRA ESENCIA.<\/p>\n\n\n\n<figure class=\"wp-block-image size-full\"><a href=\"http:\/\/radioprimiciapelluhue.cl\/wp-content\/uploads\/2021\/12\/11.jpg\"><img loading=\"lazy\" decoding=\"async\" width=\"360\" height=\"360\" src=\"http:\/\/radioprimiciapelluhue.cl\/wp-content\/uploads\/2021\/12\/11.jpg\" alt=\"\" class=\"wp-image-3809\" srcset=\"https:\/\/radioprimiciapelluhue.cl\/wp-content\/uploads\/2021\/12\/11.jpg 360w, https:\/\/radioprimiciapelluhue.cl\/wp-content\/uploads\/2021\/12\/11-300x300.jpg 300w, https:\/\/radioprimiciapelluhue.cl\/wp-content\/uploads\/2021\/12\/11-150x150.jpg 150w, https:\/\/radioprimiciapelluhue.cl\/wp-content\/uploads\/2021\/12\/11-120x120.jpg 120w\" sizes=\"auto, (max-width: 360px) 100vw, 360px\" \/><\/a><\/figure>\n\n\n\n<figure class=\"wp-block-image size-full\"><a href=\"http:\/\/radioprimiciapelluhue.cl\/wp-content\/uploads\/2021\/12\/22.jpg\"><img loading=\"lazy\" decoding=\"async\" width=\"680\" height=\"680\" src=\"http:\/\/radioprimiciapelluhue.cl\/wp-content\/uploads\/2021\/12\/22.jpg\" alt=\"\" class=\"wp-image-3810\" srcset=\"https:\/\/radioprimiciapelluhue.cl\/wp-content\/uploads\/2021\/12\/22.jpg 680w, https:\/\/radioprimiciapelluhue.cl\/wp-content\/uploads\/2021\/12\/22-300x300.jpg 300w, https:\/\/radioprimiciapelluhue.cl\/wp-content\/uploads\/2021\/12\/22-150x150.jpg 150w, https:\/\/radioprimiciapelluhue.cl\/wp-content\/uploads\/2021\/12\/22-520x520.jpg 520w, https:\/\/radioprimiciapelluhue.cl\/wp-content\/uploads\/2021\/12\/22-120x120.jpg 120w\" sizes=\"auto, (max-width: 680px) 100vw, 680px\" \/><\/a><\/figure>\n","protected":false},"excerpt":{"rendered":"<p>En v\u00edsperas de fin de a\u00f1o, los funcionarios policiales ayudan con aquellos vecinos que m\u00e1s lo requieren, junto con la colaboraci\u00f3n de la Municipalidad de la ciudad. Carabineros de la Oficina de Integraci\u00f3n comunitaria de la 1era. Comisar\u00eda de Linares, liderados por el Suboficial Mayor Jos\u00e9 Norambuena en v\u00edsperas navide\u00f1as desarrollan diversas actividades en beneficio [&hellip;]<\/p>\n","protected":false},"author":2,"featured_media":3811,"comment_status":"closed","ping_status":"closed","sticky":false,"template":"","format":"standard","meta":{"footnotes":""},"categories":[59,1],"tags":[],"class_list":["post-3808","post","type-post","status-publish","format-standard","has-post-thumbnail","hentry","category-policial","category-sin-categoria"],"_links":{"self":[{"href":"https:\/\/radioprimiciapelluhue.cl\/index.php?rest_route=\/wp\/v2\/posts\/3808","targetHints":{"allow":["GET"]}}],"collection":[{"href":"https:\/\/radioprimiciapelluhue.cl\/index.php?rest_route=\/wp\/v2\/posts"}],"about":[{"href":"https:\/\/radioprimiciapelluhue.cl\/index.php?rest_route=\/wp\/v2\/types\/post"}],"author":[{"embeddable":true,"href":"https:\/\/radioprimiciapelluhue.cl\/index.php?rest_route=\/wp\/v2\/users\/2"}],"replies":[{"embeddable":true,"href":"https:\/\/radioprimiciapelluhue.cl\/index.php?rest_route=%2Fwp%2Fv2%2Fcomments&post=3808"}],"version-history":[{"count":1,"href":"https:\/\/radioprimiciapelluhue.cl\/index.php?rest_route=\/wp\/v2\/posts\/3808\/revisions"}],"predecessor-version":[{"id":3812,"href":"https:\/\/radioprimiciapelluhue.cl\/index.php?rest_route=\/wp\/v2\/posts\/3808\/revisions\/3812"}],"wp:featuredmedia":[{"embeddable":true,"href":"https:\/\/radioprimiciapelluhue.cl\/index.php?rest_route=\/wp\/v2\/media\/3811"}],"wp:attachment":[{"href":"https:\/\/radioprimiciapelluhue.cl\/index.php?rest_route=%2Fwp%2Fv2%2Fmedia&parent=3808"}],"wp:term":[{"taxonomy":"category","embeddable":true,"href":"https:\/\/radioprimiciapelluhue.cl\/index.php?rest_route=%2Fwp%2Fv2%2Fcategories&post=3808"},{"taxonomy":"post_tag","embeddable":true,"href":"https:\/\/radioprimiciapelluhue.cl\/index.php?rest_route=%2Fwp%2Fv2%2Ftags&post=3808"}],"curies":[{"name":"wp","href":"https:\/\/api.w.org\/{rel}","templated":true}]}}