{"id":3816,"date":"2021-12-21T11:56:52","date_gmt":"2021-12-21T15:56:52","guid":{"rendered":"http:\/\/radioprimiciapelluhue.cl\/?p=3816"},"modified":"2021-12-21T11:56:53","modified_gmt":"2021-12-21T15:56:53","slug":"presidenta-del-senado-y-triunfo-de-boric-hay-un-cambio-de-ciclo-y-de-epoca","status":"publish","type":"post","link":"https:\/\/radioprimiciapelluhue.cl\/?p=3816","title":{"rendered":"Presidenta del Senado y triunfo de Boric: \u201chay un cambio de ciclo y de \u00e9poca\u201d"},"content":{"rendered":"\n<p>Ximena Rinc\u00f3n recalc\u00f3 que en este nuevo escenario el \u00fanico camino para Chile es el di\u00e1logo, la conversaci\u00f3n y los acuerdos. \u201cNuestro llamado es a cuidar lo que tenemos como pa\u00eds y avanzar paso a paso, siempre escuchando a las familias chilenas\u201d, asegur\u00f3 la parlamentaria<\/p>\n\n\n\n<p>Como el fin de una \u00e9poca y el inicio de un nuevo ciclo en la historia de Chile, calific\u00f3 la presidenta del Senado, Ximena Rinc\u00f3n Gonz\u00e1lez, la elecci\u00f3n de Gabriel Boric como Presidente de la Rep\u00fablica, cargo que asumir\u00e1 en marzo luego de obtener m\u00e1s de cuatro millones 600 mil votos, casi el 56 por ciento de los votos.<\/p>\n\n\n\n<p><strong>\u201cHay un cambio de ciclo y un cambio de \u00e9poca, por tanto, desde el centro pol\u00edtico avanzaremos en paz social duradera y en unidad, con respeto a los procesos que est\u00e1n en marcha como la Convenci\u00f3n Constitucional\u201d, asegur\u00f3 la parlamentaria, quien recalc\u00f3 que el nuevo escenario requiere de di\u00e1logo y grandeza de parte de todos los actores pol\u00edticos.<\/strong><\/p>\n\n\n\n<p>\u201cEl camino del di\u00e1logo, la conversaci\u00f3n y los acuerdos, son fundamentales. Y desde el centro pol\u00edtico nuestro llamado es a cuidar lo que tenemos como pa\u00eds y avanzar paso a paso escuchando a las familias chilenas. Vamos a trabajar por el futuro de Chile y, por tal raz\u00f3n, desde el Senado y del Congreso Nacional, colaboraremos en todo lo que genere unidad para los chilenos y chilenas\u201d, precis\u00f3 la legisladora.<strong><\/strong><\/p>\n\n\n\n<p>A\u00f1adi\u00f3 que el pa\u00eds merece un gobierno sin improvisaciones, que d\u00e9 gobernabilidad y que considere entre sus prioridades una reactivaci\u00f3n econ\u00f3mica con dignidad.&nbsp; En este sentido, Ximena Rinc\u00f3n recalc\u00f3 que todos los compromisos de segunda vuelta deben cumplirse, porque la confianza que entreg\u00f3 la ciudadan\u00eda debe cuidarse y evitar que ocurra lo de la actual administraci\u00f3n.<\/p>\n\n\n\n<p>\u201cEl gobierno del Presidente Pi\u00f1era claramente fracas\u00f3 y el castigo de la poblaci\u00f3n a su mandato hoy se reflej\u00f3 en la votaci\u00f3n de Jos\u00e9 Antonio Kast.\u00a0 Esperamos que los errores de las administraciones anteriores como la pol\u00edtica del goteo, las improvisaciones o no escuchar a todos los chilenos no se repitan\u201d, concluy\u00f3.<\/p>\n\n\n\n<figure class=\"wp-block-image size-full\"><a href=\"http:\/\/radioprimiciapelluhue.cl\/wp-content\/uploads\/2021\/12\/265982177_2012473312255661_9038278132615596132_n.jpg\"><img loading=\"lazy\" decoding=\"async\" width=\"720\" height=\"405\" src=\"http:\/\/radioprimiciapelluhue.cl\/wp-content\/uploads\/2021\/12\/265982177_2012473312255661_9038278132615596132_n.jpg\" alt=\"\" class=\"wp-image-3817\" srcset=\"https:\/\/radioprimiciapelluhue.cl\/wp-content\/uploads\/2021\/12\/265982177_2012473312255661_9038278132615596132_n.jpg 720w, https:\/\/radioprimiciapelluhue.cl\/wp-content\/uploads\/2021\/12\/265982177_2012473312255661_9038278132615596132_n-300x169.jpg 300w\" sizes=\"auto, (max-width: 720px) 100vw, 720px\" \/><\/a><\/figure>\n","protected":false},"excerpt":{"rendered":"<p>Ximena Rinc\u00f3n recalc\u00f3 que en este nuevo escenario el \u00fanico camino para Chile es el di\u00e1logo, la conversaci\u00f3n y los acuerdos. \u201cNuestro llamado es a cuidar lo que tenemos como pa\u00eds y avanzar paso a paso, siempre escuchando a las familias chilenas\u201d, asegur\u00f3 la parlamentaria Como el fin de una \u00e9poca y el inicio de [&hellip;]<\/p>\n","protected":false},"author":2,"featured_media":3818,"comment_status":"closed","ping_status":"closed","sticky":false,"template":"","format":"standard","meta":{"footnotes":""},"categories":[60],"tags":[],"class_list":["post-3816","post","type-post","status-publish","format-standard","has-post-thumbnail","hentry","category-politica"],"_links":{"self":[{"href":"https:\/\/radioprimiciapelluhue.cl\/index.php?rest_route=\/wp\/v2\/posts\/3816","targetHints":{"allow":["GET"]}}],"collection":[{"href":"https:\/\/radioprimiciapelluhue.cl\/index.php?rest_route=\/wp\/v2\/posts"}],"about":[{"href":"https:\/\/radioprimiciapelluhue.cl\/index.php?rest_route=\/wp\/v2\/types\/post"}],"author":[{"embeddable":true,"href":"https:\/\/radioprimiciapelluhue.cl\/index.php?rest_route=\/wp\/v2\/users\/2"}],"replies":[{"embeddable":true,"href":"https:\/\/radioprimiciapelluhue.cl\/index.php?rest_route=%2Fwp%2Fv2%2Fcomments&post=3816"}],"version-history":[{"count":1,"href":"https:\/\/radioprimiciapelluhue.cl\/index.php?rest_route=\/wp\/v2\/posts\/3816\/revisions"}],"predecessor-version":[{"id":3819,"href":"https:\/\/radioprimiciapelluhue.cl\/index.php?rest_route=\/wp\/v2\/posts\/3816\/revisions\/3819"}],"wp:featuredmedia":[{"embeddable":true,"href":"https:\/\/radioprimiciapelluhue.cl\/index.php?rest_route=\/wp\/v2\/media\/3818"}],"wp:attachment":[{"href":"https:\/\/radioprimiciapelluhue.cl\/index.php?rest_route=%2Fwp%2Fv2%2Fmedia&parent=3816"}],"wp:term":[{"taxonomy":"category","embeddable":true,"href":"https:\/\/radioprimiciapelluhue.cl\/index.php?rest_route=%2Fwp%2Fv2%2Fcategories&post=3816"},{"taxonomy":"post_tag","embeddable":true,"href":"https:\/\/radioprimiciapelluhue.cl\/index.php?rest_route=%2Fwp%2Fv2%2Ftags&post=3816"}],"curies":[{"name":"wp","href":"https:\/\/api.w.org\/{rel}","templated":true}]}}