{"id":3844,"date":"2021-12-29T15:06:43","date_gmt":"2021-12-29T19:06:43","guid":{"rendered":"http:\/\/radioprimiciapelluhue.cl\/?p=3844"},"modified":"2021-12-29T15:06:44","modified_gmt":"2021-12-29T19:06:44","slug":"carabineros-detiene-a-dos-sujetos-por-hurto-de-maderas-en-la-localidad-de-nirivilo","status":"publish","type":"post","link":"https:\/\/radioprimiciapelluhue.cl\/?p=3844","title":{"rendered":"CARABINEROS DETIENE A DOS SUJETOS POR HURTO DE MADERAS EN LA LOCALIDAD DE NIRIVILO."},"content":{"rendered":"\n<p><em>En horas de la tarde de este martes, en la Ruta L-366 Km.3.<\/em><\/p>\n\n\n\n<p>Carabineros del Ret\u00e9n Nirivilo dependiente de la 5ta. Comisar\u00eda de San Javier mientras realizaban patrullajes preventivos por la localidad durante la tarde de este martes fueron alertados del hurto de madera en la Ruta L-366 Kil\u00f3metro 3, en un recinto privado, debido a ello y al llegar a lugar detienen a dos sujetos mayores de edad de iniciales J.C.C.H y E.U.V.L ambos con prontuario policial por diferentes delitos, quienes se trasladaban en un veh\u00edculo y en \u00e9l manten\u00edan 29 troncos de 2 metros y 44 cent\u00edmetros ( los que estaban previamente cortados y acopiados en un lugar determinado) siendo sustra\u00eddos desde el predio. La madera fue entregada a su propietario, quien agradeci\u00f3 la labor desarrollada.<\/p>\n\n\n\n<p>Tras lo sucedido y a la denuncia oportuna, se detuvo a los 2 hombres, quienes por instrucci\u00f3n del Fiscal de turno fueron puestos a disposici\u00f3n de la justicia por el delito de hurto de madera, para continuar con las investigaciones de lo sucedido y determinar la participaci\u00f3n en otros il\u00edcitos similares.<\/p>\n\n\n\n<p>Carabineros de Chile, hace un llamado a la ciudadan\u00eda, a que efect\u00faen sus denuncias de forma oportuna, como en esta ocasi\u00f3n ya que, de esta manera, contando con los antecedentes apropiados se puede detener a todos aquellos que vienen a entorpecer el buen funcionamiento de la sociedad.<\/p>\n\n\n\n<p><strong>CARABINEROS DE CHILE, LA PREVENCI\u00d3N ES NUESTRA ESENCIA.<\/strong><\/p>\n\n\n\n<figure class=\"wp-block-image size-full\"><a href=\"http:\/\/radioprimiciapelluhue.cl\/wp-content\/uploads\/2021\/12\/1-1.jpg\"><img loading=\"lazy\" decoding=\"async\" width=\"680\" height=\"510\" src=\"http:\/\/radioprimiciapelluhue.cl\/wp-content\/uploads\/2021\/12\/1-1.jpg\" alt=\"\" class=\"wp-image-3845\" srcset=\"https:\/\/radioprimiciapelluhue.cl\/wp-content\/uploads\/2021\/12\/1-1.jpg 680w, https:\/\/radioprimiciapelluhue.cl\/wp-content\/uploads\/2021\/12\/1-1-300x225.jpg 300w\" sizes=\"auto, (max-width: 680px) 100vw, 680px\" \/><\/a><\/figure>\n","protected":false},"excerpt":{"rendered":"<p>En horas de la tarde de este martes, en la Ruta L-366 Km.3. Carabineros del Ret\u00e9n Nirivilo dependiente de la 5ta. Comisar\u00eda de San Javier mientras realizaban patrullajes preventivos por la localidad durante la tarde de este martes fueron alertados del hurto de madera en la Ruta L-366 Kil\u00f3metro 3, en un recinto privado, debido [&hellip;]<\/p>\n","protected":false},"author":2,"featured_media":3215,"comment_status":"closed","ping_status":"closed","sticky":false,"template":"","format":"standard","meta":{"footnotes":""},"categories":[59],"tags":[],"class_list":["post-3844","post","type-post","status-publish","format-standard","has-post-thumbnail","hentry","category-policial"],"_links":{"self":[{"href":"https:\/\/radioprimiciapelluhue.cl\/index.php?rest_route=\/wp\/v2\/posts\/3844","targetHints":{"allow":["GET"]}}],"collection":[{"href":"https:\/\/radioprimiciapelluhue.cl\/index.php?rest_route=\/wp\/v2\/posts"}],"about":[{"href":"https:\/\/radioprimiciapelluhue.cl\/index.php?rest_route=\/wp\/v2\/types\/post"}],"author":[{"embeddable":true,"href":"https:\/\/radioprimiciapelluhue.cl\/index.php?rest_route=\/wp\/v2\/users\/2"}],"replies":[{"embeddable":true,"href":"https:\/\/radioprimiciapelluhue.cl\/index.php?rest_route=%2Fwp%2Fv2%2Fcomments&post=3844"}],"version-history":[{"count":1,"href":"https:\/\/radioprimiciapelluhue.cl\/index.php?rest_route=\/wp\/v2\/posts\/3844\/revisions"}],"predecessor-version":[{"id":3846,"href":"https:\/\/radioprimiciapelluhue.cl\/index.php?rest_route=\/wp\/v2\/posts\/3844\/revisions\/3846"}],"wp:featuredmedia":[{"embeddable":true,"href":"https:\/\/radioprimiciapelluhue.cl\/index.php?rest_route=\/wp\/v2\/media\/3215"}],"wp:attachment":[{"href":"https:\/\/radioprimiciapelluhue.cl\/index.php?rest_route=%2Fwp%2Fv2%2Fmedia&parent=3844"}],"wp:term":[{"taxonomy":"category","embeddable":true,"href":"https:\/\/radioprimiciapelluhue.cl\/index.php?rest_route=%2Fwp%2Fv2%2Fcategories&post=3844"},{"taxonomy":"post_tag","embeddable":true,"href":"https:\/\/radioprimiciapelluhue.cl\/index.php?rest_route=%2Fwp%2Fv2%2Ftags&post=3844"}],"curies":[{"name":"wp","href":"https:\/\/api.w.org\/{rel}","templated":true}]}}