{"id":3889,"date":"2022-01-10T10:08:05","date_gmt":"2022-01-10T14:08:05","guid":{"rendered":"http:\/\/radioprimiciapelluhue.cl\/?p=3889"},"modified":"2022-01-10T10:08:06","modified_gmt":"2022-01-10T14:08:06","slug":"ya-es-un-hecho-ministro-de-educacion-confirmo-vuelta-obligatoria-a-clases-presenciales-el-2-de-marzo","status":"publish","type":"post","link":"https:\/\/radioprimiciapelluhue.cl\/?p=3889","title":{"rendered":"Ya es un hecho: Ministro de Educaci\u00f3n confirm\u00f3 vuelta obligatoria a clases presenciales el 2 de marzo"},"content":{"rendered":"\n<p>La decisi\u00f3n fue tomada dado el proceso de vacunaci\u00f3n de las y los estudiantes.<\/p>\n\n\n\n<p>El Ministro de Educaci\u00f3n,&nbsp;<strong>Ra\u00fal Figueroa,<\/strong>&nbsp;<strong>anunci\u00f3 el retorno obligatorio a clases presenciales este pr\u00f3ximo 2 de marzo<\/strong>. Sin embargo, desde e<strong>l Colegio de Profesores<\/strong>&nbsp;valoraron la medida, pero e<strong>xigen di\u00e1logo para mejorar las medidas para un retorno seguro.<\/strong><\/p>\n\n\n\n<p>Seg\u00fan la informaci\u00f3n de&nbsp;<a href=\"https:\/\/www.biobiochile.cl\/especial\/educacion\/noticias\/2022\/01\/08\/ministro-figueroa-anuncia-retorno-a-clases-presenciales-obligatorio-para-el-2-de-marzo.shtml\" target=\"_blank\" rel=\"noreferrer noopener\">Biobio.cl<\/a>, la medida se decidi\u00f3 de acuerdo al&nbsp;<strong>avance en el proceso de vacunaci\u00f3n<\/strong>&nbsp;tanto de los j\u00f3venes de secundaria y los estudiantes de educaci\u00f3n b\u00e1sica, tambi\u00e9n dada la&nbsp;<strong>experiencia de algunos establecimientos que volvieron presencial parte del a\u00f1o 2021.<\/strong><\/p>\n\n\n\n<p>\u201c<strong>Tenemos hoy d\u00eda la tranquilidad que tanto los trabajadores de la educaci\u00f3n como los estudiantes han tenido acceso a un esquema de vacunaci\u00f3n completo<\/strong>\u201d, argument\u00f3 el Ministro de Educaci\u00f3n, Ra\u00fal Figueroa.<\/p>\n\n\n\n<p>De igual forma, jefe de cartera inform\u00f3 que en caso de que&nbsp;<strong>alg\u00fan recinto educacional no cumpla con retomar sus clases presenciales obligatorias en marzo, podr\u00e1 ser multado con hasta 1.000 UTM,<\/strong>&nbsp;equivalente a 54 millones de pesos.<\/p>\n\n\n\n<p>Tras esta decisi\u00f3n, el&nbsp;<strong>Colegio de Profesores<\/strong>&nbsp;tom\u00f3 su postura, es por eso que su presidente, Carlos D\u00edaz, coment\u00f3 que: \u201cNo es posible avanzar en una l\u00f3gica de un tercer a\u00f1o sin clases presenciales, a nosotros eso nos preocupa\u201d.<\/p>\n\n\n\n<p>\u201cPero tambi\u00e9n creemos que es fundamental que el Ministerio de Educaci\u00f3n, la autoridad actual y la que viene&nbsp;<strong>genere las condiciones para dialogar para buscar acuerdos y consensos<\/strong>, y se escuche a las comunidades educativas\u201d, agreg\u00f3, haciendo un llamado al pr\u00f3ximo gobierno de el presidente electo, Gabriel Boric.<\/p>\n\n\n\n<p>Por otra parte, el<strong>&nbsp;alcalde de San Ram\u00f3n<\/strong>,&nbsp;<strong>Gustavo Toro<\/strong>, expres\u00f3 que se encuentra de acuerdo con las medidas tomadas por el Ministro.<\/p>\n\n\n\n<p>\u201cEs importante que puedan estar en clases, ya que en sus hogares muchas veces tienen poco espacios. Adem\u00e1s, le ha provocado tambi\u00e9n da\u00f1o a muchos ni\u00f1os y ni\u00f1as que no han podido recrearse tranquilamente con sus pares.&nbsp;<strong>As\u00ed que apoyamos 100% el retorno a clases, siempre que sea seguro<\/strong>\u201d.<\/p>\n\n\n\n<p>FUENTE<\/p>\n\n\n\n<p><a href=\"https:\/\/www.publimetro.cl\/noticias\/2022\/01\/08\/ya-es-un-hecho-ministro-de-educacion-confirmo-vuelta-obligatoria-a-clases-presenciales-el-2-de-marzo\/\">https:\/\/www.publimetro.cl\/noticias\/2022\/01\/08\/ya-es-un-hecho-ministro-de-educacion-confirmo-vuelta-obligatoria-a-clases-presenciales-el-2-de-marzo\/<\/a><\/p>\n\n\n\n<figure class=\"wp-block-image size-full\"><a href=\"http:\/\/radioprimiciapelluhue.cl\/wp-content\/uploads\/2022\/01\/UVC6RYGCFBEYRFAEKS6DCKTQ6Q.jpeg\"><img loading=\"lazy\" decoding=\"async\" width=\"800\" height=\"533\" src=\"http:\/\/radioprimiciapelluhue.cl\/wp-content\/uploads\/2022\/01\/UVC6RYGCFBEYRFAEKS6DCKTQ6Q.jpeg\" alt=\"\" class=\"wp-image-3890\" srcset=\"https:\/\/radioprimiciapelluhue.cl\/wp-content\/uploads\/2022\/01\/UVC6RYGCFBEYRFAEKS6DCKTQ6Q.jpeg 800w, https:\/\/radioprimiciapelluhue.cl\/wp-content\/uploads\/2022\/01\/UVC6RYGCFBEYRFAEKS6DCKTQ6Q-300x200.jpeg 300w, https:\/\/radioprimiciapelluhue.cl\/wp-content\/uploads\/2022\/01\/UVC6RYGCFBEYRFAEKS6DCKTQ6Q-768x512.jpeg 768w\" sizes=\"auto, (max-width: 800px) 100vw, 800px\" \/><\/a><\/figure>\n","protected":false},"excerpt":{"rendered":"<p>La decisi\u00f3n fue tomada dado el proceso de vacunaci\u00f3n de las y los estudiantes. El Ministro de Educaci\u00f3n,&nbsp;Ra\u00fal Figueroa,&nbsp;anunci\u00f3 el retorno obligatorio a clases presenciales este pr\u00f3ximo 2 de marzo. Sin embargo, desde el Colegio de Profesores&nbsp;valoraron la medida, pero exigen di\u00e1logo para mejorar las medidas para un retorno seguro. Seg\u00fan la informaci\u00f3n de&nbsp;Biobio.cl, la [&hellip;]<\/p>\n","protected":false},"author":2,"featured_media":3890,"comment_status":"closed","ping_status":"closed","sticky":false,"template":"","format":"standard","meta":{"footnotes":""},"categories":[56],"tags":[],"class_list":["post-3889","post","type-post","status-publish","format-standard","has-post-thumbnail","hentry","category-educacion"],"_links":{"self":[{"href":"https:\/\/radioprimiciapelluhue.cl\/index.php?rest_route=\/wp\/v2\/posts\/3889","targetHints":{"allow":["GET"]}}],"collection":[{"href":"https:\/\/radioprimiciapelluhue.cl\/index.php?rest_route=\/wp\/v2\/posts"}],"about":[{"href":"https:\/\/radioprimiciapelluhue.cl\/index.php?rest_route=\/wp\/v2\/types\/post"}],"author":[{"embeddable":true,"href":"https:\/\/radioprimiciapelluhue.cl\/index.php?rest_route=\/wp\/v2\/users\/2"}],"replies":[{"embeddable":true,"href":"https:\/\/radioprimiciapelluhue.cl\/index.php?rest_route=%2Fwp%2Fv2%2Fcomments&post=3889"}],"version-history":[{"count":1,"href":"https:\/\/radioprimiciapelluhue.cl\/index.php?rest_route=\/wp\/v2\/posts\/3889\/revisions"}],"predecessor-version":[{"id":3891,"href":"https:\/\/radioprimiciapelluhue.cl\/index.php?rest_route=\/wp\/v2\/posts\/3889\/revisions\/3891"}],"wp:featuredmedia":[{"embeddable":true,"href":"https:\/\/radioprimiciapelluhue.cl\/index.php?rest_route=\/wp\/v2\/media\/3890"}],"wp:attachment":[{"href":"https:\/\/radioprimiciapelluhue.cl\/index.php?rest_route=%2Fwp%2Fv2%2Fmedia&parent=3889"}],"wp:term":[{"taxonomy":"category","embeddable":true,"href":"https:\/\/radioprimiciapelluhue.cl\/index.php?rest_route=%2Fwp%2Fv2%2Fcategories&post=3889"},{"taxonomy":"post_tag","embeddable":true,"href":"https:\/\/radioprimiciapelluhue.cl\/index.php?rest_route=%2Fwp%2Fv2%2Ftags&post=3889"}],"curies":[{"name":"wp","href":"https:\/\/api.w.org\/{rel}","templated":true}]}}