{"id":3892,"date":"2022-01-10T11:49:25","date_gmt":"2022-01-10T15:49:25","guid":{"rendered":"http:\/\/radioprimiciapelluhue.cl\/?p=3892"},"modified":"2022-01-10T12:08:19","modified_gmt":"2022-01-10T16:08:19","slug":"teatrop-regional-del-maule-presenta-caudal-biobio","status":"publish","type":"post","link":"https:\/\/radioprimiciapelluhue.cl\/?p=3892","title":{"rendered":"TEATRO REGIONAL DEL MAULE PRESENTA \u00abCAUDAL BIOBIO\u00bb"},"content":{"rendered":"\n<p>#CulturayMedios @goremaule @teatroregionaldelmaule<\/p>\n\n\n\n<p>Compa\u00f1\u00edas de danza penquistas, @contensiondanza y @calaucalis dan curso a \u201cCaudal B\u00edo B\u00edo\u201d, proyecto de circulaci\u00f3n nacional.<\/p>\n\n\n\n<p>\ud83c\udfde\ufe0f\u201cCaudal B\u00edo B\u00edo\u201d es el nombre del proyecto que se presentar\u00e1 en la sala principal del #TRM con las obras \u201cAy de m\u00ed, Violeta\u201d de la compa\u00f1\u00eda Calaucalis, estrenada el a\u00f1o 2012 y \u201cSin ti\u2026en estado de ausencia\u201d de la compa\u00f1\u00eda ConTensi\u00f3n, estrenada el 2019, ambas propuestas dirigidas por Paola Aste @astevonbennewitz.<\/p>\n\n\n\n<p>La funci\u00f3n est\u00e1 agendada para este jueves 13 de enero a las 19.30 hrs.<\/p>\n\n\n\n<p>@pauly_avs @astevonbennewitz @100porcientoalgodon @makisnawelkura @daniela.perez.c @amarupavisich @nattyluu @benjaigor @lisettenavarratia @cote_yv @andrea_brianovilla&nbsp; @veronica.cocagarrido @diegofritz<\/p>\n\n\n\n<figure class=\"wp-block-image size-large\"><a href=\"http:\/\/radioprimiciapelluhue.cl\/wp-content\/uploads\/2022\/01\/Caudal-Biobio-1-historia.jpeg\"><img loading=\"lazy\" decoding=\"async\" width=\"574\" height=\"1024\" src=\"http:\/\/radioprimiciapelluhue.cl\/wp-content\/uploads\/2022\/01\/Caudal-Biobio-1-historia-574x1024.jpeg\" alt=\"\" class=\"wp-image-3893\" srcset=\"https:\/\/radioprimiciapelluhue.cl\/wp-content\/uploads\/2022\/01\/Caudal-Biobio-1-historia-574x1024.jpeg 574w, https:\/\/radioprimiciapelluhue.cl\/wp-content\/uploads\/2022\/01\/Caudal-Biobio-1-historia-168x300.jpeg 168w, https:\/\/radioprimiciapelluhue.cl\/wp-content\/uploads\/2022\/01\/Caudal-Biobio-1-historia.jpeg 718w\" sizes=\"auto, (max-width: 574px) 100vw, 574px\" \/><\/a><\/figure>\n\n\n\n<figure class=\"wp-block-image size-full\"><a href=\"http:\/\/radioprimiciapelluhue.cl\/wp-content\/uploads\/2022\/01\/Caudal-Biobio-2-Feed.jpeg\"><img loading=\"lazy\" decoding=\"async\" width=\"960\" height=\"960\" src=\"http:\/\/radioprimiciapelluhue.cl\/wp-content\/uploads\/2022\/01\/Caudal-Biobio-2-Feed.jpeg\" alt=\"\" class=\"wp-image-3894\" srcset=\"https:\/\/radioprimiciapelluhue.cl\/wp-content\/uploads\/2022\/01\/Caudal-Biobio-2-Feed.jpeg 960w, https:\/\/radioprimiciapelluhue.cl\/wp-content\/uploads\/2022\/01\/Caudal-Biobio-2-Feed-300x300.jpeg 300w, https:\/\/radioprimiciapelluhue.cl\/wp-content\/uploads\/2022\/01\/Caudal-Biobio-2-Feed-150x150.jpeg 150w, https:\/\/radioprimiciapelluhue.cl\/wp-content\/uploads\/2022\/01\/Caudal-Biobio-2-Feed-768x768.jpeg 768w, https:\/\/radioprimiciapelluhue.cl\/wp-content\/uploads\/2022\/01\/Caudal-Biobio-2-Feed-520x520.jpeg 520w, https:\/\/radioprimiciapelluhue.cl\/wp-content\/uploads\/2022\/01\/Caudal-Biobio-2-Feed-800x800.jpeg 800w, https:\/\/radioprimiciapelluhue.cl\/wp-content\/uploads\/2022\/01\/Caudal-Biobio-2-Feed-120x120.jpeg 120w\" sizes=\"auto, (max-width: 960px) 100vw, 960px\" \/><\/a><\/figure>\n\n\n\n<figure class=\"wp-block-image size-large\"><a href=\"http:\/\/radioprimiciapelluhue.cl\/wp-content\/uploads\/2022\/01\/Caudal-Biobio-2-Historia.jpeg\"><img loading=\"lazy\" decoding=\"async\" width=\"574\" height=\"1024\" src=\"http:\/\/radioprimiciapelluhue.cl\/wp-content\/uploads\/2022\/01\/Caudal-Biobio-2-Historia-574x1024.jpeg\" alt=\"\" class=\"wp-image-3895\" srcset=\"https:\/\/radioprimiciapelluhue.cl\/wp-content\/uploads\/2022\/01\/Caudal-Biobio-2-Historia-574x1024.jpeg 574w, https:\/\/radioprimiciapelluhue.cl\/wp-content\/uploads\/2022\/01\/Caudal-Biobio-2-Historia-168x300.jpeg 168w, https:\/\/radioprimiciapelluhue.cl\/wp-content\/uploads\/2022\/01\/Caudal-Biobio-2-Historia.jpeg 718w\" sizes=\"auto, (max-width: 574px) 100vw, 574px\" \/><\/a><\/figure>\n\n\n\n<p><\/p>\n","protected":false},"excerpt":{"rendered":"<p>#CulturayMedios @goremaule @teatroregionaldelmaule Compa\u00f1\u00edas de danza penquistas, @contensiondanza y @calaucalis dan curso a \u201cCaudal B\u00edo B\u00edo\u201d, proyecto de circulaci\u00f3n nacional. \ud83c\udfde\ufe0f\u201cCaudal B\u00edo B\u00edo\u201d es el nombre del proyecto que se presentar\u00e1 en la sala principal del #TRM con las obras \u201cAy de m\u00ed, Violeta\u201d de la compa\u00f1\u00eda Calaucalis, estrenada el a\u00f1o 2012 y \u201cSin ti\u2026en [&hellip;]<\/p>\n","protected":false},"author":2,"featured_media":3896,"comment_status":"closed","ping_status":"closed","sticky":false,"template":"","format":"standard","meta":{"footnotes":""},"categories":[65],"tags":[],"class_list":["post-3892","post","type-post","status-publish","format-standard","has-post-thumbnail","hentry","category-cultura"],"_links":{"self":[{"href":"https:\/\/radioprimiciapelluhue.cl\/index.php?rest_route=\/wp\/v2\/posts\/3892","targetHints":{"allow":["GET"]}}],"collection":[{"href":"https:\/\/radioprimiciapelluhue.cl\/index.php?rest_route=\/wp\/v2\/posts"}],"about":[{"href":"https:\/\/radioprimiciapelluhue.cl\/index.php?rest_route=\/wp\/v2\/types\/post"}],"author":[{"embeddable":true,"href":"https:\/\/radioprimiciapelluhue.cl\/index.php?rest_route=\/wp\/v2\/users\/2"}],"replies":[{"embeddable":true,"href":"https:\/\/radioprimiciapelluhue.cl\/index.php?rest_route=%2Fwp%2Fv2%2Fcomments&post=3892"}],"version-history":[{"count":2,"href":"https:\/\/radioprimiciapelluhue.cl\/index.php?rest_route=\/wp\/v2\/posts\/3892\/revisions"}],"predecessor-version":[{"id":3898,"href":"https:\/\/radioprimiciapelluhue.cl\/index.php?rest_route=\/wp\/v2\/posts\/3892\/revisions\/3898"}],"wp:featuredmedia":[{"embeddable":true,"href":"https:\/\/radioprimiciapelluhue.cl\/index.php?rest_route=\/wp\/v2\/media\/3896"}],"wp:attachment":[{"href":"https:\/\/radioprimiciapelluhue.cl\/index.php?rest_route=%2Fwp%2Fv2%2Fmedia&parent=3892"}],"wp:term":[{"taxonomy":"category","embeddable":true,"href":"https:\/\/radioprimiciapelluhue.cl\/index.php?rest_route=%2Fwp%2Fv2%2Fcategories&post=3892"},{"taxonomy":"post_tag","embeddable":true,"href":"https:\/\/radioprimiciapelluhue.cl\/index.php?rest_route=%2Fwp%2Fv2%2Ftags&post=3892"}],"curies":[{"name":"wp","href":"https:\/\/api.w.org\/{rel}","templated":true}]}}