{"id":3900,"date":"2022-01-10T18:51:28","date_gmt":"2022-01-10T22:51:28","guid":{"rendered":"http:\/\/radioprimiciapelluhue.cl\/?p=3900"},"modified":"2022-01-10T18:51:29","modified_gmt":"2022-01-10T22:51:29","slug":"camara-de-diputadas-y-diputados-aprobo-en-general-el-financiamiento-de-la-pension-garantizada-universal","status":"publish","type":"post","link":"https:\/\/radioprimiciapelluhue.cl\/?p=3900","title":{"rendered":"C\u00e1mara de Diputadas y Diputados aprob\u00f3 en general el financiamiento de la Pensi\u00f3n Garantizada Universal"},"content":{"rendered":"\n<p>De manera un\u00e1nime,&nbsp;<strong>la C\u00e1mara de Diputadas y Diputados aprob\u00f3 en general el financiamiento de la Pensi\u00f3n Garantizada Universal<\/strong>, conocida como PGU,&nbsp;<a href=\"https:\/\/www.adnradio.cl\/politica\/2022\/01\/10\/camara-vota-este-lunes-proyecto-de-financiamiento-de-la-pgu.html\" target=\"_blank\" rel=\"noreferrer noopener\">iniciativa que impulsa el Gobierno<\/a>&nbsp;en el marco de la reforma al sistema previsional.<\/p>\n\n\n\n<p>Con<strong>&nbsp;130 votos a favor<\/strong>, la Sala respald\u00f3 el proyecto de ley, tras una discusi\u00f3n sobre las exenciones tributarias,&nbsp;<strong>lo que incluye adem\u00e1s un impuesto a los s\u00faper ricos<\/strong>, con el fin de sostener este beneficio.<\/p>\n\n\n\n<p>La iniciativa&nbsp;<strong>pasar\u00e1 ahora al Senado para su discusi\u00f3n<\/strong>.<\/p>\n\n\n\n<p><strong>La pol\u00e9mica por el impuesto a los s\u00faper ricos<\/strong><\/p>\n\n\n\n<p>Cabe se\u00f1alar que el impuesto a los s\u00faper ricos,&nbsp;<a href=\"https:\/\/www.adnradio.cl\/politica\/2022\/01\/06\/ministro-bellolio-acuso-boicot-a-la-pgu-tras-ingreso-de-indicacion-que-crea-impuesto-a-super-ricos.html\" target=\"_blank\" rel=\"noreferrer noopener\">discusi\u00f3n de larga data en el Congreso Nacional<\/a>, es un \u201cun impuesto o tributo patrimonial a las personas naturales con domicilio o residencia en Chile cuyo patrimonio supere los cinco millones de d\u00f3lares al 31 de diciembre de cada a\u00f1o\u201d.<\/p>\n\n\n\n<p>Sobre este punto,<strong>&nbsp;el ministro de Hacienda, Rodrigo Cerda, hizo reserva de constitucionalidad<\/strong>, con el argumento que esta materia es exclusiva del Presidente de la Rep\u00fablica.<\/p>\n\n\n\n<p>Previamente, el titular de la Segegob, el ministro Jaime Bellolio, hab\u00eda advertido sobre esta indicaci\u00f3n que \u201c<strong>un grupo de parlamentarios se salta las reglas y crea un impuesto a sabiendas de que eso es estrictamente algo que no pueden hacer seg\u00fan establecen las reglas de nuestra Constituci\u00f3n<\/strong>\u201d.<\/p>\n\n\n\n<p>Fuente<a href=\"https:\/\/www.adnradio.cl\/nacional\/2022\/01\/10\/camara-aprobo-en-general-financiamiento-de-la-pgu-con-impuesto-a-los-super-ricos.html\">https:\/\/www.adnradio.cl\/nacional\/2022\/01\/10\/camara-aprobo-en-general-financiamiento-de-la-pgu-con-impuesto-a-los-super-ricos.html<\/a><\/p>\n\n\n\n<figure class=\"wp-block-image size-full\"><a href=\"http:\/\/radioprimiciapelluhue.cl\/wp-content\/uploads\/2022\/01\/A_UNO_1342797-e1641849125117-925x470-1.jpg\"><img loading=\"lazy\" decoding=\"async\" width=\"925\" height=\"470\" src=\"http:\/\/radioprimiciapelluhue.cl\/wp-content\/uploads\/2022\/01\/A_UNO_1342797-e1641849125117-925x470-1.jpg\" alt=\"\" class=\"wp-image-3901\" srcset=\"https:\/\/radioprimiciapelluhue.cl\/wp-content\/uploads\/2022\/01\/A_UNO_1342797-e1641849125117-925x470-1.jpg 925w, https:\/\/radioprimiciapelluhue.cl\/wp-content\/uploads\/2022\/01\/A_UNO_1342797-e1641849125117-925x470-1-300x152.jpg 300w, https:\/\/radioprimiciapelluhue.cl\/wp-content\/uploads\/2022\/01\/A_UNO_1342797-e1641849125117-925x470-1-768x390.jpg 768w\" sizes=\"auto, (max-width: 925px) 100vw, 925px\" \/><\/a><\/figure>\n","protected":false},"excerpt":{"rendered":"<p>De manera un\u00e1nime,&nbsp;la C\u00e1mara de Diputadas y Diputados aprob\u00f3 en general el financiamiento de la Pensi\u00f3n Garantizada Universal, conocida como PGU,&nbsp;iniciativa que impulsa el Gobierno&nbsp;en el marco de la reforma al sistema previsional. Con&nbsp;130 votos a favor, la Sala respald\u00f3 el proyecto de ley, tras una discusi\u00f3n sobre las exenciones tributarias,&nbsp;lo que incluye adem\u00e1s un [&hellip;]<\/p>\n","protected":false},"author":2,"featured_media":3829,"comment_status":"closed","ping_status":"closed","sticky":false,"template":"","format":"standard","meta":{"footnotes":""},"categories":[2],"tags":[],"class_list":["post-3900","post","type-post","status-publish","format-standard","has-post-thumbnail","hentry","category-noticias"],"_links":{"self":[{"href":"https:\/\/radioprimiciapelluhue.cl\/index.php?rest_route=\/wp\/v2\/posts\/3900","targetHints":{"allow":["GET"]}}],"collection":[{"href":"https:\/\/radioprimiciapelluhue.cl\/index.php?rest_route=\/wp\/v2\/posts"}],"about":[{"href":"https:\/\/radioprimiciapelluhue.cl\/index.php?rest_route=\/wp\/v2\/types\/post"}],"author":[{"embeddable":true,"href":"https:\/\/radioprimiciapelluhue.cl\/index.php?rest_route=\/wp\/v2\/users\/2"}],"replies":[{"embeddable":true,"href":"https:\/\/radioprimiciapelluhue.cl\/index.php?rest_route=%2Fwp%2Fv2%2Fcomments&post=3900"}],"version-history":[{"count":1,"href":"https:\/\/radioprimiciapelluhue.cl\/index.php?rest_route=\/wp\/v2\/posts\/3900\/revisions"}],"predecessor-version":[{"id":3902,"href":"https:\/\/radioprimiciapelluhue.cl\/index.php?rest_route=\/wp\/v2\/posts\/3900\/revisions\/3902"}],"wp:featuredmedia":[{"embeddable":true,"href":"https:\/\/radioprimiciapelluhue.cl\/index.php?rest_route=\/wp\/v2\/media\/3829"}],"wp:attachment":[{"href":"https:\/\/radioprimiciapelluhue.cl\/index.php?rest_route=%2Fwp%2Fv2%2Fmedia&parent=3900"}],"wp:term":[{"taxonomy":"category","embeddable":true,"href":"https:\/\/radioprimiciapelluhue.cl\/index.php?rest_route=%2Fwp%2Fv2%2Fcategories&post=3900"},{"taxonomy":"post_tag","embeddable":true,"href":"https:\/\/radioprimiciapelluhue.cl\/index.php?rest_route=%2Fwp%2Fv2%2Ftags&post=3900"}],"curies":[{"name":"wp","href":"https:\/\/api.w.org\/{rel}","templated":true}]}}