{"id":3903,"date":"2022-01-11T18:17:40","date_gmt":"2022-01-11T22:17:40","guid":{"rendered":"http:\/\/radioprimiciapelluhue.cl\/?p=3903"},"modified":"2022-01-11T18:17:41","modified_gmt":"2022-01-11T22:17:41","slug":"presidenta-del-senado-por-pgu-queremos-avanzar-rapido-pero-depende-del-gobierno","status":"publish","type":"post","link":"https:\/\/radioprimiciapelluhue.cl\/?p=3903","title":{"rendered":"Presidenta del Senado por PGU: \u201cQueremos avanzar r\u00e1pido, pero depende del Gobierno\u201d"},"content":{"rendered":"\n<p>Ximena Rinc\u00f3n asegur\u00f3 que existe acuerdo en el instrumento, por lo que la celeridad de la tramitaci\u00f3n de la Pensi\u00f3n Garantizada Universal va a depender de las respuestas del Ejecutivo en materia de financiamiento.&nbsp; \u201cAntes de proponer cambios, queremos escuchar al Gobierno\u201d, dijo la legisladora<\/p>\n\n\n\n<p>Su disposici\u00f3n a avanzar lo m\u00e1s r\u00e1pido posible para sacar cuanto antes una buena Pensi\u00f3n Garantizada Universal, PGU, plante\u00f3 la Presidenta del Senado, Ximena Rinc\u00f3n Gonz\u00e1lez, quien recalc\u00f3 que ello depender\u00e1 de las propuestas que el Gobierno entregue en materia de financiamiento, toda vez que -recalc\u00f3- existe acuerdo respecto al instrumento.<\/p>\n\n\n\n<p>\u201cLa velocidad de la tramitaci\u00f3n va a depender de las respuestas que d\u00e9 el Gobierno. Hay acuerdo en el instrumento, pero no en el financiamiento.&nbsp; Antes de proponer cambios, vamos a escuchar al Ejecutivo y en eso estamos\u201d, sostuvo la legisladora.<\/p>\n\n\n\n<p>Agreg\u00f3 que de momento el Gobierno a\u00fan no despacha el proyecto de financiamiento y que, una vez que lo haga, se activar\u00e1 el proceso legislativo.<\/p>\n\n\n\n<p>\u201cEl Gobierno no ha ingresado a\u00fan el proyecto de financiamiento.&nbsp; Una vez que ocurra, esperamos tener reuniones con el ejecutivo para ver como se enfrentar\u00e1 el tema y debi\u00e9ramos citar jueves o viernes a sesi\u00f3n de comisi\u00f3n\u201d, explic\u00f3 la parlamentaria.<\/p>\n\n\n\n<p>Sobre un eventual impuesto a los \u201csuper ricos\u201d, Ximena Rinc\u00f3n plante\u00f3 que el tema tiene que ver con lo que ocurra con la admibilidad y con lo que har\u00e1 el Gobierno en el Tribunal Constitucional, lo que por cierto significa alargar el proceso legislativo.<\/p>\n\n\n\n<p>Por ello, la Presidenta del Senado recalc\u00f3 que es necesario buscar cuanto antes una f\u00f3rmula que resuelva el tema del financiamiento.<\/p>\n\n\n\n<p>\u201c\u00bfCu\u00e1les van a ser los instrumentos? Eso es algo que el Ejecutivo debe poner sobre la mesa. Sin embargo, es evidente que tal como est\u00e1 la situaci\u00f3n hoy, se dilata la discusi\u00f3n.\u00a0 Por eso, lo importante es que habiendo acuerdo en el instrumento, veamos el financiamiento\u201d, concluy\u00f3 la Senadora.<\/p>\n\n\n\n<figure class=\"wp-block-image size-large\"><a href=\"http:\/\/radioprimiciapelluhue.cl\/wp-content\/uploads\/2022\/01\/11-01-Pensio\u0301n-garantizada-universal-scaled.jpg\"><img loading=\"lazy\" decoding=\"async\" width=\"1024\" height=\"683\" src=\"http:\/\/radioprimiciapelluhue.cl\/wp-content\/uploads\/2022\/01\/11-01-Pensio\u0301n-garantizada-universal-1024x683.jpg\" alt=\"\" class=\"wp-image-3904\" srcset=\"https:\/\/radioprimiciapelluhue.cl\/wp-content\/uploads\/2022\/01\/11-01-Pensio\u0301n-garantizada-universal-1024x683.jpg 1024w, https:\/\/radioprimiciapelluhue.cl\/wp-content\/uploads\/2022\/01\/11-01-Pensio\u0301n-garantizada-universal-300x200.jpg 300w, https:\/\/radioprimiciapelluhue.cl\/wp-content\/uploads\/2022\/01\/11-01-Pensio\u0301n-garantizada-universal-768x512.jpg 768w, https:\/\/radioprimiciapelluhue.cl\/wp-content\/uploads\/2022\/01\/11-01-Pensio\u0301n-garantizada-universal-1536x1024.jpg 1536w, https:\/\/radioprimiciapelluhue.cl\/wp-content\/uploads\/2022\/01\/11-01-Pensio\u0301n-garantizada-universal-2048x1365.jpg 2048w\" sizes=\"auto, (max-width: 1024px) 100vw, 1024px\" \/><\/a><\/figure>\n","protected":false},"excerpt":{"rendered":"<p>Ximena Rinc\u00f3n asegur\u00f3 que existe acuerdo en el instrumento, por lo que la celeridad de la tramitaci\u00f3n de la Pensi\u00f3n Garantizada Universal va a depender de las respuestas del Ejecutivo en materia de financiamiento.&nbsp; \u201cAntes de proponer cambios, queremos escuchar al Gobierno\u201d, dijo la legisladora Su disposici\u00f3n a avanzar lo m\u00e1s r\u00e1pido posible para sacar [&hellip;]<\/p>\n","protected":false},"author":2,"featured_media":3628,"comment_status":"closed","ping_status":"closed","sticky":false,"template":"","format":"standard","meta":{"footnotes":""},"categories":[60],"tags":[],"class_list":["post-3903","post","type-post","status-publish","format-standard","has-post-thumbnail","hentry","category-politica"],"_links":{"self":[{"href":"https:\/\/radioprimiciapelluhue.cl\/index.php?rest_route=\/wp\/v2\/posts\/3903","targetHints":{"allow":["GET"]}}],"collection":[{"href":"https:\/\/radioprimiciapelluhue.cl\/index.php?rest_route=\/wp\/v2\/posts"}],"about":[{"href":"https:\/\/radioprimiciapelluhue.cl\/index.php?rest_route=\/wp\/v2\/types\/post"}],"author":[{"embeddable":true,"href":"https:\/\/radioprimiciapelluhue.cl\/index.php?rest_route=\/wp\/v2\/users\/2"}],"replies":[{"embeddable":true,"href":"https:\/\/radioprimiciapelluhue.cl\/index.php?rest_route=%2Fwp%2Fv2%2Fcomments&post=3903"}],"version-history":[{"count":1,"href":"https:\/\/radioprimiciapelluhue.cl\/index.php?rest_route=\/wp\/v2\/posts\/3903\/revisions"}],"predecessor-version":[{"id":3905,"href":"https:\/\/radioprimiciapelluhue.cl\/index.php?rest_route=\/wp\/v2\/posts\/3903\/revisions\/3905"}],"wp:featuredmedia":[{"embeddable":true,"href":"https:\/\/radioprimiciapelluhue.cl\/index.php?rest_route=\/wp\/v2\/media\/3628"}],"wp:attachment":[{"href":"https:\/\/radioprimiciapelluhue.cl\/index.php?rest_route=%2Fwp%2Fv2%2Fmedia&parent=3903"}],"wp:term":[{"taxonomy":"category","embeddable":true,"href":"https:\/\/radioprimiciapelluhue.cl\/index.php?rest_route=%2Fwp%2Fv2%2Fcategories&post=3903"},{"taxonomy":"post_tag","embeddable":true,"href":"https:\/\/radioprimiciapelluhue.cl\/index.php?rest_route=%2Fwp%2Fv2%2Ftags&post=3903"}],"curies":[{"name":"wp","href":"https:\/\/api.w.org\/{rel}","templated":true}]}}