{"id":3918,"date":"2022-01-14T23:13:01","date_gmt":"2022-01-15T03:13:01","guid":{"rendered":"http:\/\/radioprimiciapelluhue.cl\/?p=3918"},"modified":"2022-01-14T23:13:02","modified_gmt":"2022-01-15T03:13:02","slug":"carabineros-pelluhue","status":"publish","type":"post","link":"https:\/\/radioprimiciapelluhue.cl\/?p=3918","title":{"rendered":"CARABINEROS PELLUHUE"},"content":{"rendered":"\n<p>Durante esta tarde en la&nbsp;<a href=\"https:\/\/www.facebook.com\/watch\/hashtag\/playa?__eep__=6%2F&amp;__tn__=*NK\"><strong>#Playa<\/strong><\/a>&nbsp;principal de&nbsp;<a href=\"https:\/\/www.facebook.com\/watch\/hashtag\/pelluhue?__eep__=6%2F&amp;__tn__=*NK\"><strong>#Pelluhue<\/strong><\/a>&nbsp;donde est\u00e1n las letras el Teniente de&nbsp;<a href=\"https:\/\/www.facebook.com\/watch\/hashtag\/carabineros?__eep__=6%2F&amp;__tn__=*NK\"><strong>#Carabineros<\/strong><\/a>&nbsp;se\u00f1or Mat\u00edas Ya\u00f1ez dio a conocer la dotaci\u00f3n de refuerzo para las comunas de&nbsp;<a href=\"https:\/\/www.facebook.com\/watch\/hashtag\/chanco?__eep__=6%2F&amp;__tn__=*NK\"><strong>#Chanco<\/strong><\/a>&nbsp;y&nbsp;<a href=\"https:\/\/www.facebook.com\/watch\/hashtag\/pelluhue?__eep__=6%2F&amp;__tn__=*NK\"><strong>#Pelluhue<\/strong><\/a>&nbsp;es as\u00ed que se aumentar\u00e1n las fiscalizaciones y rondas nocturnas para dar mayor tranquilidad a la comunidad<\/p>\n\n\n\n<p>Junto a eso entreg\u00f3 el llamado a la comunidad es de realizar el auto cuidado ya que esta pandemia a\u00fan no termina y a usar en todo momento las&nbsp;<a href=\"https:\/\/www.facebook.com\/watch\/hashtag\/mascarillas?__eep__=6%2F&amp;__tn__=*NK\"><strong>#Mascarillas<\/strong><\/a><\/p>\n\n\n\n<p>Tel\u00e9fonos de emergencia<\/p>\n\n\n\n<p><a href=\"https:\/\/www.facebook.com\/watch\/hashtag\/tenenciapelluhue?__eep__=6%2F&amp;__tn__=*NK\"><strong>#TenenciaPelluhue<\/strong><\/a>&nbsp;732 67 30 94\ufffc<\/p>\n\n\n\n<p>#TenenciaPelluhue #732 67 30 94<\/p>\n\n\n\n<p><a href=\"https:\/\/www.facebook.com\/watch\/hashtag\/retencuranipe?__eep__=6%2F&amp;__tn__=*NK\"><strong>#RetenCuranipe<\/strong><\/a>\u00a0732 67 30 93<\/p>\n\n\n\n<p>Y el 133<\/p>\n\n\n\n<figure class=\"wp-block-image size-large\"><a href=\"http:\/\/radioprimiciapelluhue.cl\/wp-content\/uploads\/2022\/01\/Sin-titulo-3.jpg\"><img loading=\"lazy\" decoding=\"async\" width=\"1024\" height=\"576\" src=\"http:\/\/radioprimiciapelluhue.cl\/wp-content\/uploads\/2022\/01\/Sin-titulo-3-1024x576.jpg\" alt=\"\" class=\"wp-image-3919\" srcset=\"https:\/\/radioprimiciapelluhue.cl\/wp-content\/uploads\/2022\/01\/Sin-titulo-3-1024x576.jpg 1024w, https:\/\/radioprimiciapelluhue.cl\/wp-content\/uploads\/2022\/01\/Sin-titulo-3-300x169.jpg 300w, https:\/\/radioprimiciapelluhue.cl\/wp-content\/uploads\/2022\/01\/Sin-titulo-3-768x432.jpg 768w, https:\/\/radioprimiciapelluhue.cl\/wp-content\/uploads\/2022\/01\/Sin-titulo-3-727x409.jpg 727w, https:\/\/radioprimiciapelluhue.cl\/wp-content\/uploads\/2022\/01\/Sin-titulo-3-1110x624.jpg 1110w, https:\/\/radioprimiciapelluhue.cl\/wp-content\/uploads\/2022\/01\/Sin-titulo-3-720x406.jpg 720w, https:\/\/radioprimiciapelluhue.cl\/wp-content\/uploads\/2022\/01\/Sin-titulo-3-750x422.jpg 750w, https:\/\/radioprimiciapelluhue.cl\/wp-content\/uploads\/2022\/01\/Sin-titulo-3.jpg 1366w\" sizes=\"auto, (max-width: 1024px) 100vw, 1024px\" \/><\/a><\/figure>\n","protected":false},"excerpt":{"rendered":"<p>Durante esta tarde en la&nbsp;#Playa&nbsp;principal de&nbsp;#Pelluhue&nbsp;donde est\u00e1n las letras el Teniente de&nbsp;#Carabineros&nbsp;se\u00f1or Mat\u00edas Ya\u00f1ez dio a conocer la dotaci\u00f3n de refuerzo para las comunas de&nbsp;#Chanco&nbsp;y&nbsp;#Pelluhue&nbsp;es as\u00ed que se aumentar\u00e1n las fiscalizaciones y rondas nocturnas para dar mayor tranquilidad a la comunidad Junto a eso entreg\u00f3 el llamado a la comunidad es de realizar el auto [&hellip;]<\/p>\n","protected":false},"author":2,"featured_media":3920,"comment_status":"closed","ping_status":"closed","sticky":false,"template":"","format":"standard","meta":{"footnotes":""},"categories":[59],"tags":[],"class_list":["post-3918","post","type-post","status-publish","format-standard","has-post-thumbnail","hentry","category-policial"],"_links":{"self":[{"href":"https:\/\/radioprimiciapelluhue.cl\/index.php?rest_route=\/wp\/v2\/posts\/3918","targetHints":{"allow":["GET"]}}],"collection":[{"href":"https:\/\/radioprimiciapelluhue.cl\/index.php?rest_route=\/wp\/v2\/posts"}],"about":[{"href":"https:\/\/radioprimiciapelluhue.cl\/index.php?rest_route=\/wp\/v2\/types\/post"}],"author":[{"embeddable":true,"href":"https:\/\/radioprimiciapelluhue.cl\/index.php?rest_route=\/wp\/v2\/users\/2"}],"replies":[{"embeddable":true,"href":"https:\/\/radioprimiciapelluhue.cl\/index.php?rest_route=%2Fwp%2Fv2%2Fcomments&post=3918"}],"version-history":[{"count":1,"href":"https:\/\/radioprimiciapelluhue.cl\/index.php?rest_route=\/wp\/v2\/posts\/3918\/revisions"}],"predecessor-version":[{"id":3921,"href":"https:\/\/radioprimiciapelluhue.cl\/index.php?rest_route=\/wp\/v2\/posts\/3918\/revisions\/3921"}],"wp:featuredmedia":[{"embeddable":true,"href":"https:\/\/radioprimiciapelluhue.cl\/index.php?rest_route=\/wp\/v2\/media\/3920"}],"wp:attachment":[{"href":"https:\/\/radioprimiciapelluhue.cl\/index.php?rest_route=%2Fwp%2Fv2%2Fmedia&parent=3918"}],"wp:term":[{"taxonomy":"category","embeddable":true,"href":"https:\/\/radioprimiciapelluhue.cl\/index.php?rest_route=%2Fwp%2Fv2%2Fcategories&post=3918"},{"taxonomy":"post_tag","embeddable":true,"href":"https:\/\/radioprimiciapelluhue.cl\/index.php?rest_route=%2Fwp%2Fv2%2Ftags&post=3918"}],"curies":[{"name":"wp","href":"https:\/\/api.w.org\/{rel}","templated":true}]}}