{"id":3934,"date":"2022-01-20T20:58:41","date_gmt":"2022-01-21T00:58:41","guid":{"rendered":"http:\/\/radioprimiciapelluhue.cl\/?p=3934"},"modified":"2022-01-20T20:58:41","modified_gmt":"2022-01-21T00:58:41","slug":"opera-en-alboroto-revuelta-en-la-opera","status":"publish","type":"post","link":"https:\/\/radioprimiciapelluhue.cl\/?p=3934","title":{"rendered":"\u00d3pera en alboroto \/ Revuelta en la \u00d3pera"},"content":{"rendered":"\n<p>#CulturayMediosTRM @goremaule @teatroregionaldelmaule<\/p>\n\n\n\n<p>\u201cRevuelta en la \u00d3pera\u201d L\u00edrica experimental con selecciones entrelazadas de Falstaff y Cos\u00ec fan tutte, es un montaje especialmente creado para la Escuela de \u00d3pera. La propuesta intenta retratar mediante estas ic\u00f3nicas \u00f3peras de G.Verdi y W. A. Mozart las caras de la desigualdad en Chile.<\/p>\n\n\n\n<p>La direcci\u00f3n esc\u00e9nica fue desarrollada por Rodrigo Navarrete.<\/p>\n\n\n\n<p>Con el apoyo de la Universidad Alberto Hurtado, la Fundaci\u00f3n Cultural de Santiago y la Alcald\u00eda de Santiago para la realizaci\u00f3n de todas las actividades formativas y con funciones en el Teatro Regional del Maule (22 de enero) y Teatro Regional Lucho Gatica (23 de enero) esta Revuelta en la \u00d3pera buscar\u00e1 mostrar el nivel art\u00edstico, interpretativo y esc\u00e9nico de las nuevas generaciones de cantantes que arrastran una larga tradici\u00f3n de falta de oportunidades y espacios para desarrollarse profesionalmente en nuestro pa\u00eds.<\/p>\n\n\n\n<p>&#8211;<\/p>\n\n\n\n<p>Financiado por el Fondo Nacional de Fomento y Desarrollo de las Artes Esc\u00e9nicas, convocatoria 2021 del Ministerio de las Culturas, las Artes y el Patrimonio, el Encuentro Nacional de \u00d3pera Independiente busca darle una nueva vida a la \u00f3pera en Chile.<\/p>\n\n\n\n<p>@enoi.cl @rod_nava21 #\u00d3pera #M\u00fasica #Concierto #Chile #Maule #Talca #TRM #L\u00edrica<\/p>\n\n\n\n<figure class=\"wp-block-image size-large\"><a href=\"http:\/\/radioprimiciapelluhue.cl\/wp-content\/uploads\/2022\/01\/Revuelta-en-la-Opera.png\"><img loading=\"lazy\" decoding=\"async\" width=\"1024\" height=\"1024\" src=\"http:\/\/radioprimiciapelluhue.cl\/wp-content\/uploads\/2022\/01\/Revuelta-en-la-Opera-1024x1024.png\" alt=\"\" class=\"wp-image-3935\" srcset=\"https:\/\/radioprimiciapelluhue.cl\/wp-content\/uploads\/2022\/01\/Revuelta-en-la-Opera-1024x1024.png 1024w, https:\/\/radioprimiciapelluhue.cl\/wp-content\/uploads\/2022\/01\/Revuelta-en-la-Opera-300x300.png 300w, https:\/\/radioprimiciapelluhue.cl\/wp-content\/uploads\/2022\/01\/Revuelta-en-la-Opera-150x150.png 150w, https:\/\/radioprimiciapelluhue.cl\/wp-content\/uploads\/2022\/01\/Revuelta-en-la-Opera-768x768.png 768w, https:\/\/radioprimiciapelluhue.cl\/wp-content\/uploads\/2022\/01\/Revuelta-en-la-Opera-1536x1536.png 1536w, https:\/\/radioprimiciapelluhue.cl\/wp-content\/uploads\/2022\/01\/Revuelta-en-la-Opera-2048x2048.png 2048w, https:\/\/radioprimiciapelluhue.cl\/wp-content\/uploads\/2022\/01\/Revuelta-en-la-Opera-520x520.png 520w, https:\/\/radioprimiciapelluhue.cl\/wp-content\/uploads\/2022\/01\/Revuelta-en-la-Opera-800x800.png 800w, https:\/\/radioprimiciapelluhue.cl\/wp-content\/uploads\/2022\/01\/Revuelta-en-la-Opera-120x120.png 120w\" sizes=\"auto, (max-width: 1024px) 100vw, 1024px\" \/><\/a><\/figure>\n","protected":false},"excerpt":{"rendered":"<p>#CulturayMediosTRM @goremaule @teatroregionaldelmaule \u201cRevuelta en la \u00d3pera\u201d L\u00edrica experimental con selecciones entrelazadas de Falstaff y Cos\u00ec fan tutte, es un montaje especialmente creado para la Escuela de \u00d3pera. La propuesta intenta retratar mediante estas ic\u00f3nicas \u00f3peras de G.Verdi y W. A. Mozart las caras de la desigualdad en Chile. La direcci\u00f3n esc\u00e9nica fue desarrollada por [&hellip;]<\/p>\n","protected":false},"author":2,"featured_media":3935,"comment_status":"closed","ping_status":"closed","sticky":false,"template":"","format":"standard","meta":{"footnotes":""},"categories":[65],"tags":[],"class_list":["post-3934","post","type-post","status-publish","format-standard","has-post-thumbnail","hentry","category-cultura"],"_links":{"self":[{"href":"https:\/\/radioprimiciapelluhue.cl\/index.php?rest_route=\/wp\/v2\/posts\/3934","targetHints":{"allow":["GET"]}}],"collection":[{"href":"https:\/\/radioprimiciapelluhue.cl\/index.php?rest_route=\/wp\/v2\/posts"}],"about":[{"href":"https:\/\/radioprimiciapelluhue.cl\/index.php?rest_route=\/wp\/v2\/types\/post"}],"author":[{"embeddable":true,"href":"https:\/\/radioprimiciapelluhue.cl\/index.php?rest_route=\/wp\/v2\/users\/2"}],"replies":[{"embeddable":true,"href":"https:\/\/radioprimiciapelluhue.cl\/index.php?rest_route=%2Fwp%2Fv2%2Fcomments&post=3934"}],"version-history":[{"count":1,"href":"https:\/\/radioprimiciapelluhue.cl\/index.php?rest_route=\/wp\/v2\/posts\/3934\/revisions"}],"predecessor-version":[{"id":3936,"href":"https:\/\/radioprimiciapelluhue.cl\/index.php?rest_route=\/wp\/v2\/posts\/3934\/revisions\/3936"}],"wp:featuredmedia":[{"embeddable":true,"href":"https:\/\/radioprimiciapelluhue.cl\/index.php?rest_route=\/wp\/v2\/media\/3935"}],"wp:attachment":[{"href":"https:\/\/radioprimiciapelluhue.cl\/index.php?rest_route=%2Fwp%2Fv2%2Fmedia&parent=3934"}],"wp:term":[{"taxonomy":"category","embeddable":true,"href":"https:\/\/radioprimiciapelluhue.cl\/index.php?rest_route=%2Fwp%2Fv2%2Fcategories&post=3934"},{"taxonomy":"post_tag","embeddable":true,"href":"https:\/\/radioprimiciapelluhue.cl\/index.php?rest_route=%2Fwp%2Fv2%2Ftags&post=3934"}],"curies":[{"name":"wp","href":"https:\/\/api.w.org\/{rel}","templated":true}]}}