{"id":3942,"date":"2022-01-21T17:09:13","date_gmt":"2022-01-21T21:09:13","guid":{"rendered":"http:\/\/radioprimiciapelluhue.cl\/?p=3942"},"modified":"2022-01-21T17:09:14","modified_gmt":"2022-01-21T21:09:14","slug":"este-sabado-22-de-enero-a-las-1930-horas-se-estrena-montaje-lirico-experimental-en-el-escenario-del-trm","status":"publish","type":"post","link":"https:\/\/radioprimiciapelluhue.cl\/?p=3942","title":{"rendered":"ESTE S\u00c1BADO 22 DE ENERO A LAS 19:30 HORAS SE ESTRENA MONTAJE L\u00cdRICO EXPERIMENTAL EN EL ESCENARIO DEL TRM"},"content":{"rendered":"\n<ul class=\"wp-block-list\"><li>El espect\u00e1culo enmarcado en el Encuentro Nacional de \u00f3pera Independiente (ENOI) es protagonizado por 18 cantantes bajo la direcci\u00f3n de Rodrigo Navarrete.<\/li><\/ul>\n\n\n\n<ul class=\"wp-block-list\"><li>La propuesta conjuga ic\u00f3nicas obras de Verdi y Mozart, como&nbsp;<strong><em>\u201cFalstaff\u201d y \u201cCos\u00ec fan tutte\u201d<\/em><\/strong>.<\/li><\/ul>\n\n\n\n<p>Desde el 10 de enero se est\u00e1 llevando a cabo el&nbsp;<strong>1\u00ba Encuentro Nacional de \u00d3pera Independiente<\/strong>&nbsp;con diversas actividades, entre ellas un programa intensivo de formaci\u00f3n llamado<strong>&nbsp;Escuela de \u00d3pera,&nbsp;<\/strong>organizado por la compa\u00f1\u00eda&nbsp;<strong>L\u00edrica Disidente<\/strong>&nbsp;y en conjunto con&nbsp;<strong>Teatro Regional del Maule<\/strong>, lugar donde se estrenar\u00e1 -el s\u00e1bado 22 de enero, a las 19:30 horas-&nbsp;<strong>\u201cRevuelta en la \u00d3pera\u201d,<\/strong>&nbsp;montaje esc\u00e9nico de esta instancia de desarrollo art\u00edstico.<\/p>\n\n\n\n<p>Esta es una iniciativa pionera y sin precedentes en el pa\u00eds, y se origina como un programa formativo de gran nivel y exigencia art\u00edstica que busca enfrentar a 18 cantantes, elegidos mediante un proceso de selecci\u00f3n de dos etapas, a la experiencia profesional de montar una \u00f3pera, a la vez de recibir conocimientos y herramientas de grandes personalidades del g\u00e9nero en Chile y el extranjero.<\/p>\n\n\n\n<p>Este programa de profesionalizaci\u00f3n considera instancias formativas facilitadas por destacados referentes de la l\u00edrica como son la pianista argentina,&nbsp;<strong>Eduviges Picone<\/strong>; el tenor chileno radicado en Alemania,&nbsp;<strong>Luis Olivares<\/strong>; el docente e investigador&nbsp;<strong>Gonzalo Cuadra<\/strong>. El trabajo de montaje de la Escuela de \u00d3pera ser\u00e1 guiado por el cantante, r\u00e9gisseur y maestro de canto,&nbsp;<strong>Rodrigo Navarrete<\/strong>, destacado director de escena nacional que cuenta con una vasta experiencia dirigiendo espect\u00e1culos a lo largo de Chile y el extranjero. Ha estado a cargo de los exitosos montajes l\u00edricos del TRM en los \u00faltimos a\u00f1os, con t\u00edtulos como \u201cDon Giovanni\u201d, \u201cLa Boh\u00e8me\u201d y \u201cOtello\u201d, entre otros.<\/p>\n\n\n\n<p>En las dos semanas de la Escuela de \u00d3pera los cantantes culminar\u00e1n con m\u00e1s de 70 horas de formaci\u00f3n espec\u00edfica para el montaje, con ensayos, seminarios, masterclass y talleres en donde pudieron desarrollar habilidades que les permita construir una s\u00f3lida carrera profesional.<\/p>\n\n\n\n<p><em>\u201cRevuelta en la \u00d3pera\u201d es una propuesta l\u00edrica experimental con selecciones entrelazadas de \u201cFalstaff\u201d y \u201cCos\u00ec fan tutte\u201d<\/em>, montaje especialmente creado para la Escuela de \u00d3pera y que retratar\u00e1 mediante estas ic\u00f3nicas obras de G. Verdi y W. A. Mozart las caras de la desigualdad en Chile.<\/p>\n\n\n\n<p>Con funciones en el Teatro Regional del Maule (22 de enero) y Teatro Regional Lucho Gatica (23 de enero) esta Revuelta en la \u00d3pera buscar\u00e1 mostrar el nivel art\u00edstico, interpretativo y esc\u00e9nico de las nuevas generaciones de cantantes que arrastran una larga tradici\u00f3n de falta de oportunidades y espacios para desarrollarse profesionalmente en nuestro pa\u00eds.<\/p>\n\n\n\n<p>La entrada general se encuentra disponible en\u00a0<a href=\"http:\/\/www.vivoticket.cl\/\">www.vivoticket.cl<\/a>\u00a0con precios accesibles a todo p\u00fablico adem\u00e1s de contar con un estricto protocolo sanitario en favor de la salud de los asistentes al TRM<\/p>\n\n\n\n<figure class=\"wp-block-image size-full\"><a href=\"http:\/\/radioprimiciapelluhue.cl\/wp-content\/uploads\/2022\/01\/WhatsApp-Image-2022-01-21-at-18.02.30.jpeg\"><img loading=\"lazy\" decoding=\"async\" width=\"791\" height=\"568\" src=\"http:\/\/radioprimiciapelluhue.cl\/wp-content\/uploads\/2022\/01\/WhatsApp-Image-2022-01-21-at-18.02.30.jpeg\" alt=\"\" class=\"wp-image-3943\" srcset=\"https:\/\/radioprimiciapelluhue.cl\/wp-content\/uploads\/2022\/01\/WhatsApp-Image-2022-01-21-at-18.02.30.jpeg 791w, https:\/\/radioprimiciapelluhue.cl\/wp-content\/uploads\/2022\/01\/WhatsApp-Image-2022-01-21-at-18.02.30-300x215.jpeg 300w, https:\/\/radioprimiciapelluhue.cl\/wp-content\/uploads\/2022\/01\/WhatsApp-Image-2022-01-21-at-18.02.30-768x551.jpeg 768w\" sizes=\"auto, (max-width: 791px) 100vw, 791px\" \/><\/a><\/figure>\n","protected":false},"excerpt":{"rendered":"<p>El espect\u00e1culo enmarcado en el Encuentro Nacional de \u00f3pera Independiente (ENOI) es protagonizado por 18 cantantes bajo la direcci\u00f3n de Rodrigo Navarrete. La propuesta conjuga ic\u00f3nicas obras de Verdi y Mozart, como&nbsp;\u201cFalstaff\u201d y \u201cCos\u00ec fan tutte\u201d. Desde el 10 de enero se est\u00e1 llevando a cabo el&nbsp;1\u00ba Encuentro Nacional de \u00d3pera Independiente&nbsp;con diversas actividades, entre [&hellip;]<\/p>\n","protected":false},"author":2,"featured_media":3943,"comment_status":"closed","ping_status":"closed","sticky":false,"template":"","format":"standard","meta":{"footnotes":""},"categories":[65],"tags":[],"class_list":["post-3942","post","type-post","status-publish","format-standard","has-post-thumbnail","hentry","category-cultura"],"_links":{"self":[{"href":"https:\/\/radioprimiciapelluhue.cl\/index.php?rest_route=\/wp\/v2\/posts\/3942","targetHints":{"allow":["GET"]}}],"collection":[{"href":"https:\/\/radioprimiciapelluhue.cl\/index.php?rest_route=\/wp\/v2\/posts"}],"about":[{"href":"https:\/\/radioprimiciapelluhue.cl\/index.php?rest_route=\/wp\/v2\/types\/post"}],"author":[{"embeddable":true,"href":"https:\/\/radioprimiciapelluhue.cl\/index.php?rest_route=\/wp\/v2\/users\/2"}],"replies":[{"embeddable":true,"href":"https:\/\/radioprimiciapelluhue.cl\/index.php?rest_route=%2Fwp%2Fv2%2Fcomments&post=3942"}],"version-history":[{"count":1,"href":"https:\/\/radioprimiciapelluhue.cl\/index.php?rest_route=\/wp\/v2\/posts\/3942\/revisions"}],"predecessor-version":[{"id":3944,"href":"https:\/\/radioprimiciapelluhue.cl\/index.php?rest_route=\/wp\/v2\/posts\/3942\/revisions\/3944"}],"wp:featuredmedia":[{"embeddable":true,"href":"https:\/\/radioprimiciapelluhue.cl\/index.php?rest_route=\/wp\/v2\/media\/3943"}],"wp:attachment":[{"href":"https:\/\/radioprimiciapelluhue.cl\/index.php?rest_route=%2Fwp%2Fv2%2Fmedia&parent=3942"}],"wp:term":[{"taxonomy":"category","embeddable":true,"href":"https:\/\/radioprimiciapelluhue.cl\/index.php?rest_route=%2Fwp%2Fv2%2Fcategories&post=3942"},{"taxonomy":"post_tag","embeddable":true,"href":"https:\/\/radioprimiciapelluhue.cl\/index.php?rest_route=%2Fwp%2Fv2%2Ftags&post=3942"}],"curies":[{"name":"wp","href":"https:\/\/api.w.org\/{rel}","templated":true}]}}