{"id":3948,"date":"2022-01-24T10:55:49","date_gmt":"2022-01-24T14:55:49","guid":{"rendered":"http:\/\/radioprimiciapelluhue.cl\/?p=3948"},"modified":"2022-01-24T10:55:50","modified_gmt":"2022-01-24T14:55:50","slug":"teatro-regional-del-maule-invita-a-presenciar-el-parlamento","status":"publish","type":"post","link":"https:\/\/radioprimiciapelluhue.cl\/?p=3948","title":{"rendered":"Teatro Regional del maule Invita a presenciar el Parlamento"},"content":{"rendered":"\n<p>#CulturayMedios @goremaule @teatroregionaldelmaule<\/p>\n\n\n\n<p>\u00ab\u00a1Parlamento!\u00bb unipersonal que habla de uno de los episodios m\u00e1s importantes de nuestra historia, el Parlamento de Quil\u00edn. Mapuches y espa\u00f1oles parlamentando en medio de La Guerra de Arauco.<\/p>\n\n\n\n<p>Tryo Teatro Banda @tryoteatrobanda vuelve al #TRM con t\u00e9cnicas de la juglar\u00eda, el actor y m\u00fasico Francisco S\u00e1nchez, acompa\u00f1ado de sus instrumentos musicales (acorde\u00f3n, eufonio, flauta dulce, viola, clarinete e instrumentos mapuches) representa a los numerosos personajes de esta historia y establece un parlamento con el p\u00fablico, record\u00e1ndonos la capacidad que los habitantes de este territorio tenemos para parlamentar.<\/p>\n\n\n\n<p>\ud83d\uddd3\ufe0fMI\u00c9 26 ENERO \/ \ud83d\udd5b19.30 HORAS \/ \ud83d\udccdPRESENCIAL \/ \ud83c\udf9f\ufe0f $3000 &#8211; $6000 vivoticket.cl<\/p>\n\n\n\n<figure class=\"wp-block-image size-large\"><a href=\"http:\/\/radioprimiciapelluhue.cl\/wp-content\/uploads\/2022\/01\/WhatsApp-Image-2021-12-28-at-12.10.521.jpeg\"><img loading=\"lazy\" decoding=\"async\" width=\"574\" height=\"1024\" src=\"http:\/\/radioprimiciapelluhue.cl\/wp-content\/uploads\/2022\/01\/WhatsApp-Image-2021-12-28-at-12.10.521-574x1024.jpeg\" alt=\"\" class=\"wp-image-3949\" srcset=\"https:\/\/radioprimiciapelluhue.cl\/wp-content\/uploads\/2022\/01\/WhatsApp-Image-2021-12-28-at-12.10.521-574x1024.jpeg 574w, https:\/\/radioprimiciapelluhue.cl\/wp-content\/uploads\/2022\/01\/WhatsApp-Image-2021-12-28-at-12.10.521-168x300.jpeg 168w, https:\/\/radioprimiciapelluhue.cl\/wp-content\/uploads\/2022\/01\/WhatsApp-Image-2021-12-28-at-12.10.521.jpeg 718w\" sizes=\"auto, (max-width: 574px) 100vw, 574px\" \/><\/a><\/figure>\n","protected":false},"excerpt":{"rendered":"<p>#CulturayMedios @goremaule @teatroregionaldelmaule \u00ab\u00a1Parlamento!\u00bb unipersonal que habla de uno de los episodios m\u00e1s importantes de nuestra historia, el Parlamento de Quil\u00edn. Mapuches y espa\u00f1oles parlamentando en medio de La Guerra de Arauco. Tryo Teatro Banda @tryoteatrobanda vuelve al #TRM con t\u00e9cnicas de la juglar\u00eda, el actor y m\u00fasico Francisco S\u00e1nchez, acompa\u00f1ado de sus instrumentos musicales [&hellip;]<\/p>\n","protected":false},"author":2,"featured_media":3950,"comment_status":"closed","ping_status":"closed","sticky":false,"template":"","format":"standard","meta":{"footnotes":""},"categories":[65],"tags":[],"class_list":["post-3948","post","type-post","status-publish","format-standard","has-post-thumbnail","hentry","category-cultura"],"_links":{"self":[{"href":"https:\/\/radioprimiciapelluhue.cl\/index.php?rest_route=\/wp\/v2\/posts\/3948","targetHints":{"allow":["GET"]}}],"collection":[{"href":"https:\/\/radioprimiciapelluhue.cl\/index.php?rest_route=\/wp\/v2\/posts"}],"about":[{"href":"https:\/\/radioprimiciapelluhue.cl\/index.php?rest_route=\/wp\/v2\/types\/post"}],"author":[{"embeddable":true,"href":"https:\/\/radioprimiciapelluhue.cl\/index.php?rest_route=\/wp\/v2\/users\/2"}],"replies":[{"embeddable":true,"href":"https:\/\/radioprimiciapelluhue.cl\/index.php?rest_route=%2Fwp%2Fv2%2Fcomments&post=3948"}],"version-history":[{"count":1,"href":"https:\/\/radioprimiciapelluhue.cl\/index.php?rest_route=\/wp\/v2\/posts\/3948\/revisions"}],"predecessor-version":[{"id":3951,"href":"https:\/\/radioprimiciapelluhue.cl\/index.php?rest_route=\/wp\/v2\/posts\/3948\/revisions\/3951"}],"wp:featuredmedia":[{"embeddable":true,"href":"https:\/\/radioprimiciapelluhue.cl\/index.php?rest_route=\/wp\/v2\/media\/3950"}],"wp:attachment":[{"href":"https:\/\/radioprimiciapelluhue.cl\/index.php?rest_route=%2Fwp%2Fv2%2Fmedia&parent=3948"}],"wp:term":[{"taxonomy":"category","embeddable":true,"href":"https:\/\/radioprimiciapelluhue.cl\/index.php?rest_route=%2Fwp%2Fv2%2Fcategories&post=3948"},{"taxonomy":"post_tag","embeddable":true,"href":"https:\/\/radioprimiciapelluhue.cl\/index.php?rest_route=%2Fwp%2Fv2%2Ftags&post=3948"}],"curies":[{"name":"wp","href":"https:\/\/api.w.org\/{rel}","templated":true}]}}