{"id":3961,"date":"2022-01-24T16:57:22","date_gmt":"2022-01-24T20:57:22","guid":{"rendered":"http:\/\/radioprimiciapelluhue.cl\/?p=3961"},"modified":"2022-01-24T16:57:22","modified_gmt":"2022-01-24T20:57:22","slug":"corte-de-luz-en-chanco","status":"publish","type":"post","link":"https:\/\/radioprimiciapelluhue.cl\/?p=3961","title":{"rendered":"CORTE DE LUZ EN CHANCO"},"content":{"rendered":"\n<p>Alrededor de las 16:00 horas la vecina comuna de Chanco queda sin energ\u00eda afectando a la totalidad de la poblaci\u00f3n, por ello la empresa CGE dispuso de inmediato a la cuadrilla para energizar parte del centro ya que cuentan con un generador para dicha emergencia. Para realizar las talas de \u00e1rboles siempre tienen que tomar las prevenciones o informar a la empresa llamando al n\u00famero gratuito 800 800 767 para obtener mayor informaci\u00f3n<\/p>\n\n\n\n<figure class=\"wp-block-image size-large\"><a href=\"http:\/\/radioprimiciapelluhue.cl\/wp-content\/uploads\/2022\/01\/corte-de-luz.jpeg\"><img loading=\"lazy\" decoding=\"async\" width=\"1024\" height=\"1024\" src=\"http:\/\/radioprimiciapelluhue.cl\/wp-content\/uploads\/2022\/01\/corte-de-luz-1024x1024.jpeg\" alt=\"\" class=\"wp-image-3962\" srcset=\"https:\/\/radioprimiciapelluhue.cl\/wp-content\/uploads\/2022\/01\/corte-de-luz-1024x1024.jpeg 1024w, https:\/\/radioprimiciapelluhue.cl\/wp-content\/uploads\/2022\/01\/corte-de-luz-300x300.jpeg 300w, https:\/\/radioprimiciapelluhue.cl\/wp-content\/uploads\/2022\/01\/corte-de-luz-150x150.jpeg 150w, https:\/\/radioprimiciapelluhue.cl\/wp-content\/uploads\/2022\/01\/corte-de-luz-768x768.jpeg 768w, https:\/\/radioprimiciapelluhue.cl\/wp-content\/uploads\/2022\/01\/corte-de-luz-520x520.jpeg 520w, https:\/\/radioprimiciapelluhue.cl\/wp-content\/uploads\/2022\/01\/corte-de-luz-800x800.jpeg 800w, https:\/\/radioprimiciapelluhue.cl\/wp-content\/uploads\/2022\/01\/corte-de-luz-120x120.jpeg 120w, https:\/\/radioprimiciapelluhue.cl\/wp-content\/uploads\/2022\/01\/corte-de-luz.jpeg 1280w\" sizes=\"auto, (max-width: 1024px) 100vw, 1024px\" \/><\/a><\/figure>\n","protected":false},"excerpt":{"rendered":"<p>Alrededor de las 16:00 horas la vecina comuna de Chanco queda sin energ\u00eda afectando a la totalidad de la poblaci\u00f3n, por ello la empresa CGE dispuso de inmediato a la cuadrilla para energizar parte del centro ya que cuentan con un generador para dicha emergencia. Para realizar las talas de \u00e1rboles siempre tienen que tomar [&hellip;]<\/p>\n","protected":false},"author":2,"featured_media":3962,"comment_status":"closed","ping_status":"closed","sticky":false,"template":"","format":"standard","meta":{"footnotes":""},"categories":[2],"tags":[],"class_list":["post-3961","post","type-post","status-publish","format-standard","has-post-thumbnail","hentry","category-noticias"],"_links":{"self":[{"href":"https:\/\/radioprimiciapelluhue.cl\/index.php?rest_route=\/wp\/v2\/posts\/3961","targetHints":{"allow":["GET"]}}],"collection":[{"href":"https:\/\/radioprimiciapelluhue.cl\/index.php?rest_route=\/wp\/v2\/posts"}],"about":[{"href":"https:\/\/radioprimiciapelluhue.cl\/index.php?rest_route=\/wp\/v2\/types\/post"}],"author":[{"embeddable":true,"href":"https:\/\/radioprimiciapelluhue.cl\/index.php?rest_route=\/wp\/v2\/users\/2"}],"replies":[{"embeddable":true,"href":"https:\/\/radioprimiciapelluhue.cl\/index.php?rest_route=%2Fwp%2Fv2%2Fcomments&post=3961"}],"version-history":[{"count":1,"href":"https:\/\/radioprimiciapelluhue.cl\/index.php?rest_route=\/wp\/v2\/posts\/3961\/revisions"}],"predecessor-version":[{"id":3963,"href":"https:\/\/radioprimiciapelluhue.cl\/index.php?rest_route=\/wp\/v2\/posts\/3961\/revisions\/3963"}],"wp:featuredmedia":[{"embeddable":true,"href":"https:\/\/radioprimiciapelluhue.cl\/index.php?rest_route=\/wp\/v2\/media\/3962"}],"wp:attachment":[{"href":"https:\/\/radioprimiciapelluhue.cl\/index.php?rest_route=%2Fwp%2Fv2%2Fmedia&parent=3961"}],"wp:term":[{"taxonomy":"category","embeddable":true,"href":"https:\/\/radioprimiciapelluhue.cl\/index.php?rest_route=%2Fwp%2Fv2%2Fcategories&post=3961"},{"taxonomy":"post_tag","embeddable":true,"href":"https:\/\/radioprimiciapelluhue.cl\/index.php?rest_route=%2Fwp%2Fv2%2Ftags&post=3961"}],"curies":[{"name":"wp","href":"https:\/\/api.w.org\/{rel}","templated":true}]}}