{"id":3964,"date":"2022-01-26T11:35:36","date_gmt":"2022-01-26T15:35:36","guid":{"rendered":"http:\/\/radioprimiciapelluhue.cl\/?p=3964"},"modified":"2022-01-26T11:35:37","modified_gmt":"2022-01-26T15:35:37","slug":"obra-de-teatro-el-parlamento-suspendida","status":"publish","type":"post","link":"https:\/\/radioprimiciapelluhue.cl\/?p=3964","title":{"rendered":"OBRA DE TEATRO EL PARLAMENTO SUSPENDIDA"},"content":{"rendered":"\n<p>La funci\u00f3n programada para hoy (26\/01) en el <a href=\"https:\/\/www.facebook.com\/hashtag\/trm?__eep__=6&amp;__cft__[0]=AZUQoXw3iIDYG1-Jf-rOX8PzWVQC_bf2R7Eg3sPuQcZsBwJDym7dqFX8UFCG_NyPWIXBcxy4hGdwWNigIpdoAYXz4oEDtTaKmYPKQVbwBG66I7GbHAdmAYt_sH0Flhv1GRMUAx-K-Qp_vjQcQYeXnrcCKCoe754hin4t2puGv7HdMgtvpSdkk2jIgb0goyT9Ems&amp;__tn__=*NK-R\">#TRM<\/a> se suspende. La obra de teatro <a href=\"https:\/\/www.facebook.com\/hashtag\/parlamento?__eep__=6&amp;__cft__[0]=AZUQoXw3iIDYG1-Jf-rOX8PzWVQC_bf2R7Eg3sPuQcZsBwJDym7dqFX8UFCG_NyPWIXBcxy4hGdwWNigIpdoAYXz4oEDtTaKmYPKQVbwBG66I7GbHAdmAYt_sH0Flhv1GRMUAx-K-Qp_vjQcQYeXnrcCKCoe754hin4t2puGv7HdMgtvpSdkk2jIgb0goyT9Ems&amp;__tn__=*NK-R\">#Parlamento<\/a> de la compa\u00f1\u00eda Tryo Teatro Banda se reagendar\u00e1 y se informar\u00e1 a trav\u00e9s de los canales y RRSS del @teatroregionaldelmaule.<\/p>\n\n\n\n<p> Y por nuestra emisora Agradecemos su comprensi\u00f3n.<\/p>\n\n\n\n<figure class=\"wp-block-image size-large\"><a href=\"http:\/\/radioprimiciapelluhue.cl\/wp-content\/uploads\/2022\/01\/SUSPENDIDA.jpg\"><img loading=\"lazy\" decoding=\"async\" width=\"1024\" height=\"1024\" src=\"http:\/\/radioprimiciapelluhue.cl\/wp-content\/uploads\/2022\/01\/SUSPENDIDA-1024x1024.jpg\" alt=\"\" class=\"wp-image-3965\" srcset=\"https:\/\/radioprimiciapelluhue.cl\/wp-content\/uploads\/2022\/01\/SUSPENDIDA-1024x1024.jpg 1024w, https:\/\/radioprimiciapelluhue.cl\/wp-content\/uploads\/2022\/01\/SUSPENDIDA-300x300.jpg 300w, https:\/\/radioprimiciapelluhue.cl\/wp-content\/uploads\/2022\/01\/SUSPENDIDA-150x150.jpg 150w, https:\/\/radioprimiciapelluhue.cl\/wp-content\/uploads\/2022\/01\/SUSPENDIDA-768x768.jpg 768w, https:\/\/radioprimiciapelluhue.cl\/wp-content\/uploads\/2022\/01\/SUSPENDIDA-520x520.jpg 520w, https:\/\/radioprimiciapelluhue.cl\/wp-content\/uploads\/2022\/01\/SUSPENDIDA-800x800.jpg 800w, https:\/\/radioprimiciapelluhue.cl\/wp-content\/uploads\/2022\/01\/SUSPENDIDA-120x120.jpg 120w, https:\/\/radioprimiciapelluhue.cl\/wp-content\/uploads\/2022\/01\/SUSPENDIDA.jpg 1080w\" sizes=\"auto, (max-width: 1024px) 100vw, 1024px\" \/><\/a><\/figure>\n","protected":false},"excerpt":{"rendered":"<p>La funci\u00f3n programada para hoy (26\/01) en el #TRM se suspende. La obra de teatro #Parlamento de la compa\u00f1\u00eda Tryo Teatro Banda se reagendar\u00e1 y se informar\u00e1 a trav\u00e9s de los canales y RRSS del @teatroregionaldelmaule. Y por nuestra emisora Agradecemos su comprensi\u00f3n.<\/p>\n","protected":false},"author":2,"featured_media":3965,"comment_status":"closed","ping_status":"closed","sticky":false,"template":"","format":"standard","meta":{"footnotes":""},"categories":[65],"tags":[],"class_list":["post-3964","post","type-post","status-publish","format-standard","has-post-thumbnail","hentry","category-cultura"],"_links":{"self":[{"href":"https:\/\/radioprimiciapelluhue.cl\/index.php?rest_route=\/wp\/v2\/posts\/3964","targetHints":{"allow":["GET"]}}],"collection":[{"href":"https:\/\/radioprimiciapelluhue.cl\/index.php?rest_route=\/wp\/v2\/posts"}],"about":[{"href":"https:\/\/radioprimiciapelluhue.cl\/index.php?rest_route=\/wp\/v2\/types\/post"}],"author":[{"embeddable":true,"href":"https:\/\/radioprimiciapelluhue.cl\/index.php?rest_route=\/wp\/v2\/users\/2"}],"replies":[{"embeddable":true,"href":"https:\/\/radioprimiciapelluhue.cl\/index.php?rest_route=%2Fwp%2Fv2%2Fcomments&post=3964"}],"version-history":[{"count":1,"href":"https:\/\/radioprimiciapelluhue.cl\/index.php?rest_route=\/wp\/v2\/posts\/3964\/revisions"}],"predecessor-version":[{"id":3966,"href":"https:\/\/radioprimiciapelluhue.cl\/index.php?rest_route=\/wp\/v2\/posts\/3964\/revisions\/3966"}],"wp:featuredmedia":[{"embeddable":true,"href":"https:\/\/radioprimiciapelluhue.cl\/index.php?rest_route=\/wp\/v2\/media\/3965"}],"wp:attachment":[{"href":"https:\/\/radioprimiciapelluhue.cl\/index.php?rest_route=%2Fwp%2Fv2%2Fmedia&parent=3964"}],"wp:term":[{"taxonomy":"category","embeddable":true,"href":"https:\/\/radioprimiciapelluhue.cl\/index.php?rest_route=%2Fwp%2Fv2%2Fcategories&post=3964"},{"taxonomy":"post_tag","embeddable":true,"href":"https:\/\/radioprimiciapelluhue.cl\/index.php?rest_route=%2Fwp%2Fv2%2Ftags&post=3964"}],"curies":[{"name":"wp","href":"https:\/\/api.w.org\/{rel}","templated":true}]}}