{"id":3967,"date":"2022-01-26T16:26:22","date_gmt":"2022-01-26T20:26:22","guid":{"rendered":"http:\/\/radioprimiciapelluhue.cl\/?p=3967"},"modified":"2022-01-26T16:26:23","modified_gmt":"2022-01-26T20:26:23","slug":"corte-de-luz-afecta-a-las-comunas-de-chanco-y-pelluhue","status":"publish","type":"post","link":"https:\/\/radioprimiciapelluhue.cl\/?p=3967","title":{"rendered":"CORTE DE LUZ AFECTA A LAS COMUNAS DE CHANCO Y PELLUHUE"},"content":{"rendered":"\n<p>Ahora sin energ\u00eda comunas de #Pelluhue y #Chanco ya comunicamos a CGE<\/p>\n\n\n\n<p>Hora reposici\u00f3n 19:37 aproximado<\/p>\n\n\n\n<p>Se energizar\u00e1s con los generadores los respectivos sectores que cubren tanto en Pelluhue, Curanipe<\/p>\n\n\n\n<p>Ahora sin energ\u00eda comunas de #Pelluhue y #Chanco ya comunicamos a CGE esperaremos informaci\u00f3n<\/p>\n\n\n\n<figure class=\"wp-block-image size-large\"><a href=\"http:\/\/radioprimiciapelluhue.cl\/wp-content\/uploads\/2022\/01\/272155002_2309953612477756_4158303740126086663_n-1.jpg\"><img loading=\"lazy\" decoding=\"async\" width=\"478\" height=\"1024\" src=\"http:\/\/radioprimiciapelluhue.cl\/wp-content\/uploads\/2022\/01\/272155002_2309953612477756_4158303740126086663_n-1-478x1024.jpg\" alt=\"\" class=\"wp-image-3968\" srcset=\"https:\/\/radioprimiciapelluhue.cl\/wp-content\/uploads\/2022\/01\/272155002_2309953612477756_4158303740126086663_n-1-478x1024.jpg 478w, https:\/\/radioprimiciapelluhue.cl\/wp-content\/uploads\/2022\/01\/272155002_2309953612477756_4158303740126086663_n-1-140x300.jpg 140w, https:\/\/radioprimiciapelluhue.cl\/wp-content\/uploads\/2022\/01\/272155002_2309953612477756_4158303740126086663_n-1.jpg 540w\" sizes=\"auto, (max-width: 478px) 100vw, 478px\" \/><\/a><\/figure>\n","protected":false},"excerpt":{"rendered":"<p>Ahora sin energ\u00eda comunas de #Pelluhue y #Chanco ya comunicamos a CGE Hora reposici\u00f3n 19:37 aproximado Se energizar\u00e1s con los generadores los respectivos sectores que cubren tanto en Pelluhue, Curanipe Ahora sin energ\u00eda comunas de #Pelluhue y #Chanco ya comunicamos a CGE esperaremos informaci\u00f3n<\/p>\n","protected":false},"author":2,"featured_media":3962,"comment_status":"closed","ping_status":"closed","sticky":false,"template":"","format":"standard","meta":{"footnotes":""},"categories":[61],"tags":[],"class_list":["post-3967","post","type-post","status-publish","format-standard","has-post-thumbnail","hentry","category-informativo"],"_links":{"self":[{"href":"https:\/\/radioprimiciapelluhue.cl\/index.php?rest_route=\/wp\/v2\/posts\/3967","targetHints":{"allow":["GET"]}}],"collection":[{"href":"https:\/\/radioprimiciapelluhue.cl\/index.php?rest_route=\/wp\/v2\/posts"}],"about":[{"href":"https:\/\/radioprimiciapelluhue.cl\/index.php?rest_route=\/wp\/v2\/types\/post"}],"author":[{"embeddable":true,"href":"https:\/\/radioprimiciapelluhue.cl\/index.php?rest_route=\/wp\/v2\/users\/2"}],"replies":[{"embeddable":true,"href":"https:\/\/radioprimiciapelluhue.cl\/index.php?rest_route=%2Fwp%2Fv2%2Fcomments&post=3967"}],"version-history":[{"count":1,"href":"https:\/\/radioprimiciapelluhue.cl\/index.php?rest_route=\/wp\/v2\/posts\/3967\/revisions"}],"predecessor-version":[{"id":3970,"href":"https:\/\/radioprimiciapelluhue.cl\/index.php?rest_route=\/wp\/v2\/posts\/3967\/revisions\/3970"}],"wp:featuredmedia":[{"embeddable":true,"href":"https:\/\/radioprimiciapelluhue.cl\/index.php?rest_route=\/wp\/v2\/media\/3962"}],"wp:attachment":[{"href":"https:\/\/radioprimiciapelluhue.cl\/index.php?rest_route=%2Fwp%2Fv2%2Fmedia&parent=3967"}],"wp:term":[{"taxonomy":"category","embeddable":true,"href":"https:\/\/radioprimiciapelluhue.cl\/index.php?rest_route=%2Fwp%2Fv2%2Fcategories&post=3967"},{"taxonomy":"post_tag","embeddable":true,"href":"https:\/\/radioprimiciapelluhue.cl\/index.php?rest_route=%2Fwp%2Fv2%2Ftags&post=3967"}],"curies":[{"name":"wp","href":"https:\/\/api.w.org\/{rel}","templated":true}]}}