{"id":3995,"date":"2022-01-31T16:30:46","date_gmt":"2022-01-31T20:30:46","guid":{"rendered":"http:\/\/radioprimiciapelluhue.cl\/?p=3995"},"modified":"2022-01-31T16:30:47","modified_gmt":"2022-01-31T20:30:47","slug":"se-corrige-un-error-grosero-ximena-rincon-por-declaracion-de-zoit-para-chanco-y-pelluhue","status":"publish","type":"post","link":"https:\/\/radioprimiciapelluhue.cl\/?p=3995","title":{"rendered":"\u201cSe corrige un error grosero\u201d: Ximena Rinc\u00f3n por declaraci\u00f3n de ZOIT para Chanco y Pelluhue"},"content":{"rendered":"\n<p>Presidenta del Senado, que llev\u00f3 a Contralor\u00eda decisi\u00f3n de Sernatur de quitar categor\u00eda de Zona Inter\u00e9s Tur\u00edstico a estas emblem\u00e1ticas comunas costeras, dijo que decisi\u00f3n revierte una medida desafortunada y que caus\u00f3 mucha incertidumbre a los empresarios tur\u00edsticos y a los municipios<\/p>\n\n\n\n<p>Como la correcci\u00f3n de un error grosero, que hizo perder tiempo precioso en el desarrollo de estrategias para enfrentar el complejo escenario de la industria tur\u00edstica, calific\u00f3 la Presidenta del Senado de la Rep\u00fablica, Ximena Rinc\u00f3n Gonz\u00e1lez, la decisi\u00f3n del Comit\u00e9 de Ministros del Turismo de reotorgar a Chanco y Pelluhue la categor\u00eda de Zonas de Inter\u00e9s Tur\u00edstico, ZOIT.<\/p>\n\n\n\n<p>\u201cEs necesario valorar la decisi\u00f3n del Comit\u00e9 de Ministros del Turismo, que corrigi\u00f3 un grosero error de Sernatur al quitar la condici\u00f3n de ZOIT a Pelluhue y Chanco. Dijimos desde un comienzo que era una decisi\u00f3n sin sustento t\u00e9cnico, pero lo peor es&nbsp; que llev\u00f3 incertidumbre e hizo perder tiempo precioso a los municipios y a los empresarios tur\u00edsticos que buscan c\u00f3mo enfrentar los devastadores efectos de la pandemia en la actividad\u201d, dijo la legisladora.<\/p>\n\n\n\n<p>A\u00f1adi\u00f3 que tras tomar conocimiento de la decisi\u00f3n de Sernatur, inici\u00f3 un trabajo conjunto con los alcalde de Pelluhue, Mar\u00eda Luz Reyes: de Chanco, Marcelo Waddington, y la consejera regional, Mar\u00eda del Carmen P\u00e9rez, en orden no s\u00f3lo a conseguir revertir la medida, sino que tambi\u00e9n a cuestionar su validez ante la Contralor\u00eda General de la Rep\u00fablica.<\/p>\n\n\n\n<p>\u201cLogramos que se corrigiera una medida sin sentido.&nbsp; Trabajamos en equipo para que Chanco y Pelluhue pudiesen volver a a contar con un instrumento que les permite contar con mayores herramientas para desarrollar su vocaci\u00f3n tur\u00edstica\u201d, asegur\u00f3 la parlamentaria.<\/p>\n\n\n\n<p>Agreg\u00f3 que al ser ZOIT, Chanco y Pelluhue pueden posicionarse y destacarse como un territorio que apuesta por el turismo, adem\u00e1s de ser priorizadas para la ejecuci\u00f3n de programas y proyectos p\u00fablicos de fomento al desarrollo de la actividad tur\u00edstica, como la asignaci\u00f3n de recursos destinados a obras de infraestructura y equipamiento. Ximena Rinc\u00f3n explic\u00f3 que para ser para ser considerada ZOIT, los municipios deben\u00a0 acreditar que el turismo constituye una de las principales actividades asociadas al desarrollo econ\u00f3mico del territorio, poseer atractivos tur\u00edsticos naturales, culturales y\/o patrimoniales de jerarqu\u00eda regional, nacional o internacional, contar con una oferta tur\u00edstica, debidamente inscrita en el Registro Nacional de Prestadores de Servicios Tur\u00edsticos del Servicio y ser un destino reconocido en las pol\u00edticas y planificaci\u00f3n tur\u00edstica nacional o regional de la Subsecretar\u00eda o el Servicio, seg\u00fan corresponda, adem\u00e1s de contar con instrumentos como plan de manejo, plan operativo anual y una administraci\u00f3n efectiva de sus zonas protegidas<\/p>\n\n\n\n<figure class=\"wp-block-image size-large\"><a href=\"http:\/\/radioprimiciapelluhue.cl\/wp-content\/uploads\/2022\/01\/01-29-zoit.jpg\"><img loading=\"lazy\" decoding=\"async\" width=\"1024\" height=\"682\" src=\"http:\/\/radioprimiciapelluhue.cl\/wp-content\/uploads\/2022\/01\/01-29-zoit-1024x682.jpg\" alt=\"\" class=\"wp-image-3996\" srcset=\"https:\/\/radioprimiciapelluhue.cl\/wp-content\/uploads\/2022\/01\/01-29-zoit-1024x682.jpg 1024w, https:\/\/radioprimiciapelluhue.cl\/wp-content\/uploads\/2022\/01\/01-29-zoit-300x200.jpg 300w, https:\/\/radioprimiciapelluhue.cl\/wp-content\/uploads\/2022\/01\/01-29-zoit-768x512.jpg 768w, https:\/\/radioprimiciapelluhue.cl\/wp-content\/uploads\/2022\/01\/01-29-zoit-1536x1024.jpg 1536w, https:\/\/radioprimiciapelluhue.cl\/wp-content\/uploads\/2022\/01\/01-29-zoit.jpg 2000w\" sizes=\"auto, (max-width: 1024px) 100vw, 1024px\" \/><\/a><\/figure>\n","protected":false},"excerpt":{"rendered":"<p>Presidenta del Senado, que llev\u00f3 a Contralor\u00eda decisi\u00f3n de Sernatur de quitar categor\u00eda de Zona Inter\u00e9s Tur\u00edstico a estas emblem\u00e1ticas comunas costeras, dijo que decisi\u00f3n revierte una medida desafortunada y que caus\u00f3 mucha incertidumbre a los empresarios tur\u00edsticos y a los municipios Como la correcci\u00f3n de un error grosero, que hizo perder tiempo precioso en [&hellip;]<\/p>\n","protected":false},"author":2,"featured_media":3996,"comment_status":"closed","ping_status":"closed","sticky":false,"template":"","format":"standard","meta":{"footnotes":""},"categories":[60],"tags":[],"class_list":["post-3995","post","type-post","status-publish","format-standard","has-post-thumbnail","hentry","category-politica"],"_links":{"self":[{"href":"https:\/\/radioprimiciapelluhue.cl\/index.php?rest_route=\/wp\/v2\/posts\/3995","targetHints":{"allow":["GET"]}}],"collection":[{"href":"https:\/\/radioprimiciapelluhue.cl\/index.php?rest_route=\/wp\/v2\/posts"}],"about":[{"href":"https:\/\/radioprimiciapelluhue.cl\/index.php?rest_route=\/wp\/v2\/types\/post"}],"author":[{"embeddable":true,"href":"https:\/\/radioprimiciapelluhue.cl\/index.php?rest_route=\/wp\/v2\/users\/2"}],"replies":[{"embeddable":true,"href":"https:\/\/radioprimiciapelluhue.cl\/index.php?rest_route=%2Fwp%2Fv2%2Fcomments&post=3995"}],"version-history":[{"count":1,"href":"https:\/\/radioprimiciapelluhue.cl\/index.php?rest_route=\/wp\/v2\/posts\/3995\/revisions"}],"predecessor-version":[{"id":3997,"href":"https:\/\/radioprimiciapelluhue.cl\/index.php?rest_route=\/wp\/v2\/posts\/3995\/revisions\/3997"}],"wp:featuredmedia":[{"embeddable":true,"href":"https:\/\/radioprimiciapelluhue.cl\/index.php?rest_route=\/wp\/v2\/media\/3996"}],"wp:attachment":[{"href":"https:\/\/radioprimiciapelluhue.cl\/index.php?rest_route=%2Fwp%2Fv2%2Fmedia&parent=3995"}],"wp:term":[{"taxonomy":"category","embeddable":true,"href":"https:\/\/radioprimiciapelluhue.cl\/index.php?rest_route=%2Fwp%2Fv2%2Fcategories&post=3995"},{"taxonomy":"post_tag","embeddable":true,"href":"https:\/\/radioprimiciapelluhue.cl\/index.php?rest_route=%2Fwp%2Fv2%2Ftags&post=3995"}],"curies":[{"name":"wp","href":"https:\/\/api.w.org\/{rel}","templated":true}]}}