{"id":3998,"date":"2022-01-31T16:34:29","date_gmt":"2022-01-31T20:34:29","guid":{"rendered":"http:\/\/radioprimiciapelluhue.cl\/?p=3998"},"modified":"2022-01-31T16:34:30","modified_gmt":"2022-01-31T20:34:30","slug":"trm-gore-y-seremi-de-culturas-lanzan-convocatoria-para-artistas-visuales-del-maule","status":"publish","type":"post","link":"https:\/\/radioprimiciapelluhue.cl\/?p=3998","title":{"rendered":"TRM, GORE Y SEREMI DE CULTURAS LANZAN CONVOCATORIA PARA ARTISTAS VISUALES DEL MAULE"},"content":{"rendered":"\n<ul class=\"wp-block-list\"><li><strong>En el marco de AMA-Encuentro de Artistas del Maule 2022- se busca digitalizar las obras de 60 artistas visuales de la regi\u00f3n.<\/strong><\/li><\/ul>\n\n\n\n<p>La Seremi de las Culturas, las Artes y el Patrimonio, el Gobierno Regional del Maule y el Teatro Regional del Maule a trav\u00e9s del&nbsp;<strong>Encuentro<\/strong>&nbsp;<strong>de Artistas del Maule -AMA<\/strong>, instancia de vinculaci\u00f3n, hace un llamado a artistas visuales del Maule para que postulen en el proceso de registro digital de sus obras.<\/p>\n\n\n\n<p>La iniciativa busca hacer un registro profesional del trabajo de 60 artistas visuales del Maule, con el objetivo de digitalizar 10 obras de cada exponente. De esta manera los seleccionados podr\u00e1n disponer de un set en alta resoluci\u00f3n para libre uso, como base de confecci\u00f3n de documentos como dossier, presentaciones y material de difusi\u00f3n.<\/p>\n\n\n\n<p>Los artistas seleccionados recibir\u00e1n en el mes de marzo un set con 10 fotograf\u00edas de sus obras y 4 fotograf\u00edas de retrato, de alta resoluci\u00f3n.<\/p>\n\n\n\n<p>\u00abLas artes de la visualidad este a\u00f1o se integran a AMA, lo cual nos pone muy contentos. Sus artistas, gestores, t\u00e9cnicos, y todas y todos aquellos que se desempe\u00f1an en dicho campo cultural est\u00e1n invitados a sumarse a esta versi\u00f3n 2022, al igual que los artistas esc\u00e9nicos y de la m\u00fasica. Con esta convocatoria de registro digital abrimos el trabajo de este a\u00f1o y queremos que convoque a un gran n\u00famero de creadoras y creadores\u00bb, puntualiz\u00f3 la seremi (s) de las Culturas, las Artes y el Patrimonio, Sandra Retamal.<\/p>\n\n\n\n<p><strong>Requisitos de postulaci\u00f3n<\/strong><\/p>\n\n\n\n<ol class=\"wp-block-list\" type=\"1\"><li>a) Ser artista visual de la regi\u00f3n del Maule. b) disponer de una selecci\u00f3n de entre 6 a 15 obras en el lugar donde se realizar\u00e1 el registro. c) enviar un video captado con celular, de no m\u00e1s de un minuto donde se muestre el lugar donde se realizar\u00e1 el registro y parte de la obra a registrar (taller, domicilio, centro cultural u otro). d) autorizar el acceso al recinto del fot\u00f3grafo o fot\u00f3grafa asignado, de acuerdo con la pauta de trabajo y protocolo sanitario exigido por la autoridad sanitaria.<\/li><\/ol>\n\n\n\n<p>Los criterios de selecci\u00f3n son informados a trav\u00e9s de la p\u00e1gina web del Teatro Regional del Maule donde se encuentra el&nbsp;<strong>formulario de la convocatoria,&nbsp;<\/strong><a href=\"http:\/\/www.teatroregional.cl\/\" target=\"_blank\" rel=\"noreferrer noopener\"><strong>www.teatroregional.cl<\/strong><\/a><strong>.<\/strong><\/p>\n\n\n\n<p><strong>AMA- Encuentro de Artistas del Maule 2022<\/strong><\/p>\n\n\n\n<p>Es un encuentro impulsado por el la Serem\u00eda de las Culturas, las Artes y el Patrimonio, el Gobierno Regional del Maule y el Teatro Regional del Maule para vincular a artistas de la regi\u00f3n con programadores\/as regionales y nacionales y otros agentes del campo art\u00edstico-cultural. AMA se realiza desde el a\u00f1o 2021, constituy\u00e9ndose como una plataforma para di\u00e1logos, intercambios y alianzas entre artistas, representantes de entidades p\u00fablicas y privadas con programas establecidos o potenciales instancias para el financiamiento del trabajo art\u00edstico; proveedores de bienes y servicios relacionados a la creaci\u00f3n, producci\u00f3n y circulaci\u00f3n de obra; y con otros profesionales o trabajadores\/as relacionados o asociados al sector. AMA-Vincular para Crear se desarrollar\u00e1 en formato presencial los d\u00edas 24-25-26 de marzo y 30-31 de marzo de forma virtual.<\/p>\n\n\n\n<figure class=\"wp-block-image size-large\"><a href=\"http:\/\/radioprimiciapelluhue.cl\/wp-content\/uploads\/2022\/01\/48609514413_71fd3f13c6_h-1536x1024-1.jpg\"><img loading=\"lazy\" decoding=\"async\" width=\"1024\" height=\"683\" src=\"http:\/\/radioprimiciapelluhue.cl\/wp-content\/uploads\/2022\/01\/48609514413_71fd3f13c6_h-1536x1024-1-1024x683.jpg\" alt=\"\" class=\"wp-image-3999\" srcset=\"https:\/\/radioprimiciapelluhue.cl\/wp-content\/uploads\/2022\/01\/48609514413_71fd3f13c6_h-1536x1024-1-1024x683.jpg 1024w, https:\/\/radioprimiciapelluhue.cl\/wp-content\/uploads\/2022\/01\/48609514413_71fd3f13c6_h-1536x1024-1-300x200.jpg 300w, https:\/\/radioprimiciapelluhue.cl\/wp-content\/uploads\/2022\/01\/48609514413_71fd3f13c6_h-1536x1024-1-768x512.jpg 768w, https:\/\/radioprimiciapelluhue.cl\/wp-content\/uploads\/2022\/01\/48609514413_71fd3f13c6_h-1536x1024-1.jpg 1536w\" sizes=\"auto, (max-width: 1024px) 100vw, 1024px\" \/><\/a><\/figure>\n\n\n\n<figure class=\"wp-block-image size-large\"><a href=\"http:\/\/radioprimiciapelluhue.cl\/wp-content\/uploads\/2022\/01\/51813250908_5be03b9a09_k.jpg\"><img loading=\"lazy\" decoding=\"async\" width=\"1024\" height=\"683\" src=\"http:\/\/radioprimiciapelluhue.cl\/wp-content\/uploads\/2022\/01\/51813250908_5be03b9a09_k-1024x683.jpg\" alt=\"\" class=\"wp-image-4000\" srcset=\"https:\/\/radioprimiciapelluhue.cl\/wp-content\/uploads\/2022\/01\/51813250908_5be03b9a09_k-1024x683.jpg 1024w, https:\/\/radioprimiciapelluhue.cl\/wp-content\/uploads\/2022\/01\/51813250908_5be03b9a09_k-300x200.jpg 300w, https:\/\/radioprimiciapelluhue.cl\/wp-content\/uploads\/2022\/01\/51813250908_5be03b9a09_k-768x512.jpg 768w, https:\/\/radioprimiciapelluhue.cl\/wp-content\/uploads\/2022\/01\/51813250908_5be03b9a09_k-1536x1025.jpg 1536w, https:\/\/radioprimiciapelluhue.cl\/wp-content\/uploads\/2022\/01\/51813250908_5be03b9a09_k.jpg 2048w\" sizes=\"auto, (max-width: 1024px) 100vw, 1024px\" \/><\/a><\/figure>\n","protected":false},"excerpt":{"rendered":"<p>En el marco de AMA-Encuentro de Artistas del Maule 2022- se busca digitalizar las obras de 60 artistas visuales de la regi\u00f3n. La Seremi de las Culturas, las Artes y el Patrimonio, el Gobierno Regional del Maule y el Teatro Regional del Maule a trav\u00e9s del&nbsp;Encuentro&nbsp;de Artistas del Maule -AMA, instancia de vinculaci\u00f3n, hace un [&hellip;]<\/p>\n","protected":false},"author":2,"featured_media":4001,"comment_status":"closed","ping_status":"closed","sticky":false,"template":"","format":"standard","meta":{"footnotes":""},"categories":[65],"tags":[],"class_list":["post-3998","post","type-post","status-publish","format-standard","has-post-thumbnail","hentry","category-cultura"],"_links":{"self":[{"href":"https:\/\/radioprimiciapelluhue.cl\/index.php?rest_route=\/wp\/v2\/posts\/3998","targetHints":{"allow":["GET"]}}],"collection":[{"href":"https:\/\/radioprimiciapelluhue.cl\/index.php?rest_route=\/wp\/v2\/posts"}],"about":[{"href":"https:\/\/radioprimiciapelluhue.cl\/index.php?rest_route=\/wp\/v2\/types\/post"}],"author":[{"embeddable":true,"href":"https:\/\/radioprimiciapelluhue.cl\/index.php?rest_route=\/wp\/v2\/users\/2"}],"replies":[{"embeddable":true,"href":"https:\/\/radioprimiciapelluhue.cl\/index.php?rest_route=%2Fwp%2Fv2%2Fcomments&post=3998"}],"version-history":[{"count":1,"href":"https:\/\/radioprimiciapelluhue.cl\/index.php?rest_route=\/wp\/v2\/posts\/3998\/revisions"}],"predecessor-version":[{"id":4002,"href":"https:\/\/radioprimiciapelluhue.cl\/index.php?rest_route=\/wp\/v2\/posts\/3998\/revisions\/4002"}],"wp:featuredmedia":[{"embeddable":true,"href":"https:\/\/radioprimiciapelluhue.cl\/index.php?rest_route=\/wp\/v2\/media\/4001"}],"wp:attachment":[{"href":"https:\/\/radioprimiciapelluhue.cl\/index.php?rest_route=%2Fwp%2Fv2%2Fmedia&parent=3998"}],"wp:term":[{"taxonomy":"category","embeddable":true,"href":"https:\/\/radioprimiciapelluhue.cl\/index.php?rest_route=%2Fwp%2Fv2%2Fcategories&post=3998"},{"taxonomy":"post_tag","embeddable":true,"href":"https:\/\/radioprimiciapelluhue.cl\/index.php?rest_route=%2Fwp%2Fv2%2Ftags&post=3998"}],"curies":[{"name":"wp","href":"https:\/\/api.w.org\/{rel}","templated":true}]}}