{"id":4058,"date":"2022-02-13T20:42:36","date_gmt":"2022-02-14T00:42:36","guid":{"rendered":"http:\/\/radioprimiciapelluhue.cl\/?p=4058"},"modified":"2022-02-13T20:42:37","modified_gmt":"2022-02-14T00:42:37","slug":"corte-parcial-de-ruta-a-la-salida-de-cauquenes-sector-la-virgen-camino-a-parral","status":"publish","type":"post","link":"https:\/\/radioprimiciapelluhue.cl\/?p=4058","title":{"rendered":"CORTE PARCIAL DE RUTA A LA SALIDA DE CAUQUENES SECTOR LA VIRGEN CAMINO A PARRAL"},"content":{"rendered":"\n<p>Ahora comienzan a reunirse los camioneros en el sector la Virgen a la salida de Cauquenes para unirse a la manifestaci\u00f3n del norte del pa\u00eds, Recordar que el pasado jueves 10 de febrero &nbsp;<strong>Inmigrantes ilegales venezolanos asesinan a camionero chileno que se neg\u00f3 a llevarlos, <\/strong>Detenidos por Carabineros, resultaron tres inmigrantes ilegales venezolanos, sindicados como responsables del asesinato del camionero chileno Byron Torrej\u00f3n, cerca del aeropuerto de Cerro Moreno en Antofagasta, hecho ocurrido este jueves. Los tres hombres, de 16, 22 y 33 a\u00f1os, habr\u00edan apedreado el cami\u00f3n de la v\u00edctima, con fin de obligarlo a detenerse y exigirle traslado a Antofagasta. El chofer, tras bajarse de su cami\u00f3n, se neg\u00f3 a llevarlos, raz\u00f3n por la cual fue golpeado y posteriormente empujado desde un paso nivel ocasion\u00e1ndole la muerte en el lugar.<strong><\/strong><\/p>\n\n\n\n<p>Estaremos actualizando la noticia a medidas que tengamos informaci\u00f3n<\/p>\n\n\n\n<figure class=\"wp-block-image size-large\"><a href=\"http:\/\/radioprimiciapelluhue.cl\/wp-content\/uploads\/2022\/02\/273746446_2323797131093404_1177895948596381131_n.jpg\"><img loading=\"lazy\" decoding=\"async\" width=\"1024\" height=\"1024\" src=\"http:\/\/radioprimiciapelluhue.cl\/wp-content\/uploads\/2022\/02\/273746446_2323797131093404_1177895948596381131_n-1024x1024.jpg\" alt=\"\" class=\"wp-image-4059\" srcset=\"https:\/\/radioprimiciapelluhue.cl\/wp-content\/uploads\/2022\/02\/273746446_2323797131093404_1177895948596381131_n-1024x1024.jpg 1024w, https:\/\/radioprimiciapelluhue.cl\/wp-content\/uploads\/2022\/02\/273746446_2323797131093404_1177895948596381131_n-300x300.jpg 300w, https:\/\/radioprimiciapelluhue.cl\/wp-content\/uploads\/2022\/02\/273746446_2323797131093404_1177895948596381131_n-150x150.jpg 150w, https:\/\/radioprimiciapelluhue.cl\/wp-content\/uploads\/2022\/02\/273746446_2323797131093404_1177895948596381131_n-768x768.jpg 768w, https:\/\/radioprimiciapelluhue.cl\/wp-content\/uploads\/2022\/02\/273746446_2323797131093404_1177895948596381131_n-1536x1536.jpg 1536w, https:\/\/radioprimiciapelluhue.cl\/wp-content\/uploads\/2022\/02\/273746446_2323797131093404_1177895948596381131_n-520x520.jpg 520w, https:\/\/radioprimiciapelluhue.cl\/wp-content\/uploads\/2022\/02\/273746446_2323797131093404_1177895948596381131_n-800x800.jpg 800w, https:\/\/radioprimiciapelluhue.cl\/wp-content\/uploads\/2022\/02\/273746446_2323797131093404_1177895948596381131_n-120x120.jpg 120w, https:\/\/radioprimiciapelluhue.cl\/wp-content\/uploads\/2022\/02\/273746446_2323797131093404_1177895948596381131_n.jpg 2048w\" sizes=\"auto, (max-width: 1024px) 100vw, 1024px\" \/><\/a><\/figure>\n","protected":false},"excerpt":{"rendered":"<p>Ahora comienzan a reunirse los camioneros en el sector la Virgen a la salida de Cauquenes para unirse a la manifestaci\u00f3n del norte del pa\u00eds, Recordar que el pasado jueves 10 de febrero &nbsp;Inmigrantes ilegales venezolanos asesinan a camionero chileno que se neg\u00f3 a llevarlos, Detenidos por Carabineros, resultaron tres inmigrantes ilegales venezolanos, sindicados como [&hellip;]<\/p>\n","protected":false},"author":2,"featured_media":4059,"comment_status":"closed","ping_status":"closed","sticky":false,"template":"","format":"standard","meta":{"footnotes":""},"categories":[2],"tags":[],"class_list":["post-4058","post","type-post","status-publish","format-standard","has-post-thumbnail","hentry","category-noticias"],"_links":{"self":[{"href":"https:\/\/radioprimiciapelluhue.cl\/index.php?rest_route=\/wp\/v2\/posts\/4058","targetHints":{"allow":["GET"]}}],"collection":[{"href":"https:\/\/radioprimiciapelluhue.cl\/index.php?rest_route=\/wp\/v2\/posts"}],"about":[{"href":"https:\/\/radioprimiciapelluhue.cl\/index.php?rest_route=\/wp\/v2\/types\/post"}],"author":[{"embeddable":true,"href":"https:\/\/radioprimiciapelluhue.cl\/index.php?rest_route=\/wp\/v2\/users\/2"}],"replies":[{"embeddable":true,"href":"https:\/\/radioprimiciapelluhue.cl\/index.php?rest_route=%2Fwp%2Fv2%2Fcomments&post=4058"}],"version-history":[{"count":1,"href":"https:\/\/radioprimiciapelluhue.cl\/index.php?rest_route=\/wp\/v2\/posts\/4058\/revisions"}],"predecessor-version":[{"id":4060,"href":"https:\/\/radioprimiciapelluhue.cl\/index.php?rest_route=\/wp\/v2\/posts\/4058\/revisions\/4060"}],"wp:featuredmedia":[{"embeddable":true,"href":"https:\/\/radioprimiciapelluhue.cl\/index.php?rest_route=\/wp\/v2\/media\/4059"}],"wp:attachment":[{"href":"https:\/\/radioprimiciapelluhue.cl\/index.php?rest_route=%2Fwp%2Fv2%2Fmedia&parent=4058"}],"wp:term":[{"taxonomy":"category","embeddable":true,"href":"https:\/\/radioprimiciapelluhue.cl\/index.php?rest_route=%2Fwp%2Fv2%2Fcategories&post=4058"},{"taxonomy":"post_tag","embeddable":true,"href":"https:\/\/radioprimiciapelluhue.cl\/index.php?rest_route=%2Fwp%2Fv2%2Ftags&post=4058"}],"curies":[{"name":"wp","href":"https:\/\/api.w.org\/{rel}","templated":true}]}}