{"id":4061,"date":"2022-02-14T17:34:46","date_gmt":"2022-02-14T21:34:46","guid":{"rendered":"http:\/\/radioprimiciapelluhue.cl\/?p=4061"},"modified":"2022-02-14T17:34:47","modified_gmt":"2022-02-14T21:34:47","slug":"presidenta-del-senado-propone-diez-medidas-para-enfrentar-crisis-migratoria","status":"publish","type":"post","link":"https:\/\/radioprimiciapelluhue.cl\/?p=4061","title":{"rendered":"Presidenta del Senado propone diez medidas para enfrentar crisis migratoria"},"content":{"rendered":"\n<p>Ximena Rinc\u00f3n asegur\u00f3 que tal como en la Araucan\u00eda, el solo estado de excepci\u00f3n no resuelve los problemas de fondo. \u201cEs una medida de \u2018parche\u2019 a la que deben sumarse esfuerzos fiscales y pol\u00edticas p\u00fablicas de mediano y largo plazo para abordar este fen\u00f3meno en sus m\u00faltiples dimensiones\u201d, asegur\u00f3 la parlamentaria<\/p>\n\n\n\n<p>&nbsp;Enfrentar la crisis migratoria desde m\u00faltiples dimensiones en el corto, mediano y largo plazo es el objetivo de las diez medidas que present\u00f3 la Presidenta del Senado de la Rep\u00fablica, Ximena Rinc\u00f3n Gonz\u00e1lez, quien asegur\u00f3 que debe presentarse un plan de acci\u00f3n que en cien d\u00edas contribuya a dar un primer paso para normalizar la situaci\u00f3n que se vive en la zona norte del pa\u00eds.<\/p>\n\n\n\n<p>\u201cHace unos d\u00edas se public\u00f3 el reglamento de la ley de migraciones y el gobierno nuevamente se centra en el estado de excepci\u00f3n constitucional, pero como hemos visto en la Araucan\u00eda no resuelve los problemas de fondo, Es una medida de \u2018parche\u2019 a la que deben sumarse esfuerzos fiscales y pol\u00edticas p\u00fablicas de mediano y largo plazo para abordar este fen\u00f3meno en sus m\u00faltiples dimensiones\u201d, asegur\u00f3 la legisladora.<\/p>\n\n\n\n<p>Agreg\u00f3 que el asesinato de Byron Castillo es indignante y que debe solidarizarse no s\u00f3lo con su familia, que sufre su partida, sino que con todas las personas que viven una crisis jam\u00e1s vista en Chile.<\/p>\n\n\n\n<p>\u201cQu\u00e9 pena para la familia de Byron que fue asesinado, un trabajador que fue asesinado y que ser\u00eda padre en los pr\u00f3ximos meses. Qu\u00e9 pena que no exista respeto con el estado de derecho, qu\u00e9 pena que el Gobierno no conduzca hasta el \u00faltimo d\u00eda de su mandato.&nbsp; Por eso no solo solidarizo con la familia de Byron, sino que con todos quienes viven en el norte del pa\u00eds y respaldo absolutamente la solicitud del gobernador D\u00edaz de declarar estado de excepci\u00f3n constitucional, porque es necesario el control de fronteras y el control de ciudades para dar garant\u00edas a todos quienes viven en ellas.&nbsp; Pero tambi\u00e9n debemos enfrentar esta crisis desde otras perspectivas\u201d, dijo la parlamentaria.<\/p>\n\n\n\n<p>DIEZ MEDIAS<\/p>\n\n\n\n<p>Ximena Rinc\u00f3n propuso aplicar el decreto 265 que delega en el ministerio de defensa nacional las facultades para enfrentar la crisis. En este sentido, su segunda propuesta consiste en aumentar el control policial y militar en carreteras y fronteras, pero en coordinaci\u00f3n con autoridades territoriales como alcaldes y gobernadores regionales.<\/p>\n\n\n\n<p>La tercera propuesta es aumentar en, &nbsp;al menos 12 , los nuevos puestos de control en la zona, considerando que existen zonas como Sierra Gorda y Pozo Almonte , donde en m\u00e1s de 400 kil\u00f3metros no hay control de ning\u00fan tipo.<\/p>\n\n\n\n<p>La presidenta del senado sostuvo que la cuarta medida es la creaci\u00f3n de albergues migratorio que cuenten con lo necesario para la mantenci\u00f3n digna de las personas, especialmente de ni\u00f1os, ni\u00f1as y adolescentes.<\/p>\n\n\n\n<p>En esta misma l\u00ednea, la quinta propuesta de la senadora es proporcionar traslado humanitario, sin perjuicio de las acciones administrativas y legales que deban tomarse de acuerdo a la situaci\u00f3n individual de cada persona migrante.<\/p>\n\n\n\n<p>La legisladora plante\u00f3 como sexta medida acelerar la entrada en vigencia de ciertas disposiciones de la nueva ley de migraciones, especialmente respecto al Registro nacional de Extranjeros.<\/p>\n\n\n\n<p>La s\u00e9ptima propuesta apunta a reforzar los planes y programas del ministerio de desarrollo social en la zona para personas de alta vulnerabilidad social, labor que debe hacerse en coordinaci\u00f3n con las organizaciones de la sociedad civil que trabajan en el apoyo a migrantes.<\/p>\n\n\n\n<p>Como octava medida, Ximena Rinc\u00f3n propuso la revisi\u00f3n y actualizaci\u00f3n de los instrumentos jur\u00eddicos de migraci\u00f3n como la visa de responsabilidad democr\u00e1tica o la implementaci\u00f3n de un mecanismo de reconocimiento de la calificaci\u00f3n de refugiados.<\/p>\n\n\n\n<p>Como novena medida, la Senadora dijo que debe haber tolerancia cero con los delincuentes, especialmente con aquellos que lucren con el tr\u00e1nsito irregular, trata de personas o que participen en cr\u00edmenes de alta connotaci\u00f3n p\u00fablica.<\/p>\n\n\n\n<p>Finalmente y como d\u00e9cima medida, la legisladora pidi\u00f3 un esfuerzo comunicacional para separar la situaci\u00f3n de migrante irregulares que participan en cr\u00edmenes, respecto de aquellos migrantes en situaci\u00f3n regula<strong><u>r<\/u><\/strong> y que realizan un aporte efectivo al pa\u00eds.<\/p>\n\n\n\n<figure class=\"wp-block-image size-full\"><a href=\"http:\/\/radioprimiciapelluhue.cl\/wp-content\/uploads\/2022\/02\/118416000_6a211928-4f15-4bee-b867-ef8e818961d0.jpg\"><img loading=\"lazy\" decoding=\"async\" width=\"640\" height=\"360\" src=\"http:\/\/radioprimiciapelluhue.cl\/wp-content\/uploads\/2022\/02\/118416000_6a211928-4f15-4bee-b867-ef8e818961d0.jpg\" alt=\"\" class=\"wp-image-4063\" srcset=\"https:\/\/radioprimiciapelluhue.cl\/wp-content\/uploads\/2022\/02\/118416000_6a211928-4f15-4bee-b867-ef8e818961d0.jpg 640w, https:\/\/radioprimiciapelluhue.cl\/wp-content\/uploads\/2022\/02\/118416000_6a211928-4f15-4bee-b867-ef8e818961d0-300x169.jpg 300w\" sizes=\"auto, (max-width: 640px) 100vw, 640px\" \/><\/a><\/figure>\n\n\n\n<figure class=\"wp-block-image size-full\"><a href=\"http:\/\/radioprimiciapelluhue.cl\/wp-content\/uploads\/2022\/02\/file_20210928133625.jpg\"><img loading=\"lazy\" decoding=\"async\" width=\"710\" height=\"399\" src=\"http:\/\/radioprimiciapelluhue.cl\/wp-content\/uploads\/2022\/02\/file_20210928133625.jpg\" alt=\"\" class=\"wp-image-4064\" srcset=\"https:\/\/radioprimiciapelluhue.cl\/wp-content\/uploads\/2022\/02\/file_20210928133625.jpg 710w, https:\/\/radioprimiciapelluhue.cl\/wp-content\/uploads\/2022\/02\/file_20210928133625-300x169.jpg 300w\" sizes=\"auto, (max-width: 710px) 100vw, 710px\" \/><\/a><\/figure>\n","protected":false},"excerpt":{"rendered":"<p>Ximena Rinc\u00f3n asegur\u00f3 que tal como en la Araucan\u00eda, el solo estado de excepci\u00f3n no resuelve los problemas de fondo. \u201cEs una medida de \u2018parche\u2019 a la que deben sumarse esfuerzos fiscales y pol\u00edticas p\u00fablicas de mediano y largo plazo para abordar este fen\u00f3meno en sus m\u00faltiples dimensiones\u201d, asegur\u00f3 la parlamentaria &nbsp;Enfrentar la crisis migratoria [&hellip;]<\/p>\n","protected":false},"author":2,"featured_media":4065,"comment_status":"closed","ping_status":"closed","sticky":false,"template":"","format":"standard","meta":{"footnotes":""},"categories":[60],"tags":[],"class_list":["post-4061","post","type-post","status-publish","format-standard","has-post-thumbnail","hentry","category-politica"],"_links":{"self":[{"href":"https:\/\/radioprimiciapelluhue.cl\/index.php?rest_route=\/wp\/v2\/posts\/4061","targetHints":{"allow":["GET"]}}],"collection":[{"href":"https:\/\/radioprimiciapelluhue.cl\/index.php?rest_route=\/wp\/v2\/posts"}],"about":[{"href":"https:\/\/radioprimiciapelluhue.cl\/index.php?rest_route=\/wp\/v2\/types\/post"}],"author":[{"embeddable":true,"href":"https:\/\/radioprimiciapelluhue.cl\/index.php?rest_route=\/wp\/v2\/users\/2"}],"replies":[{"embeddable":true,"href":"https:\/\/radioprimiciapelluhue.cl\/index.php?rest_route=%2Fwp%2Fv2%2Fcomments&post=4061"}],"version-history":[{"count":1,"href":"https:\/\/radioprimiciapelluhue.cl\/index.php?rest_route=\/wp\/v2\/posts\/4061\/revisions"}],"predecessor-version":[{"id":4066,"href":"https:\/\/radioprimiciapelluhue.cl\/index.php?rest_route=\/wp\/v2\/posts\/4061\/revisions\/4066"}],"wp:featuredmedia":[{"embeddable":true,"href":"https:\/\/radioprimiciapelluhue.cl\/index.php?rest_route=\/wp\/v2\/media\/4065"}],"wp:attachment":[{"href":"https:\/\/radioprimiciapelluhue.cl\/index.php?rest_route=%2Fwp%2Fv2%2Fmedia&parent=4061"}],"wp:term":[{"taxonomy":"category","embeddable":true,"href":"https:\/\/radioprimiciapelluhue.cl\/index.php?rest_route=%2Fwp%2Fv2%2Fcategories&post=4061"},{"taxonomy":"post_tag","embeddable":true,"href":"https:\/\/radioprimiciapelluhue.cl\/index.php?rest_route=%2Fwp%2Fv2%2Ftags&post=4061"}],"curies":[{"name":"wp","href":"https:\/\/api.w.org\/{rel}","templated":true}]}}