{"id":4082,"date":"2022-02-14T20:25:57","date_gmt":"2022-02-15T00:25:57","guid":{"rendered":"http:\/\/radioprimiciapelluhue.cl\/?p=4082"},"modified":"2022-02-14T20:25:58","modified_gmt":"2022-02-15T00:25:58","slug":"fin-a-las-manifestaciones-de-los-camioneros","status":"publish","type":"post","link":"https:\/\/radioprimiciapelluhue.cl\/?p=4082","title":{"rendered":"FIN A LAS MANIFESTACIONES DE LOS CAMIONEROS"},"content":{"rendered":"\n<p><strong>Alrededor del medio d\u00eda de este 14 de febrero en el norte de nuestro pa\u00eds dieron por terminado el bloqueo y paro de camioneros por el asesinato de uno de sus colegas, no as\u00ed dejan en claro si el Gobierno no cumple con lo firmado volver\u00e1n y con m\u00e1s fuerza a bloquear en forma indefinida todas las rutas.<\/strong><\/p>\n\n\n\n<figure class=\"wp-block-image size-large\"><a href=\"http:\/\/radioprimiciapelluhue.cl\/wp-content\/uploads\/2022\/02\/273864739_2324280714378379_6007460542708921931_n.jpg\"><img loading=\"lazy\" decoding=\"async\" width=\"473\" height=\"1024\" src=\"http:\/\/radioprimiciapelluhue.cl\/wp-content\/uploads\/2022\/02\/273864739_2324280714378379_6007460542708921931_n-473x1024.jpg\" alt=\"\" class=\"wp-image-4083\" srcset=\"https:\/\/radioprimiciapelluhue.cl\/wp-content\/uploads\/2022\/02\/273864739_2324280714378379_6007460542708921931_n-473x1024.jpg 473w, https:\/\/radioprimiciapelluhue.cl\/wp-content\/uploads\/2022\/02\/273864739_2324280714378379_6007460542708921931_n-139x300.jpg 139w, https:\/\/radioprimiciapelluhue.cl\/wp-content\/uploads\/2022\/02\/273864739_2324280714378379_6007460542708921931_n-768x1663.jpg 768w, https:\/\/radioprimiciapelluhue.cl\/wp-content\/uploads\/2022\/02\/273864739_2324280714378379_6007460542708921931_n-710x1536.jpg 710w, https:\/\/radioprimiciapelluhue.cl\/wp-content\/uploads\/2022\/02\/273864739_2324280714378379_6007460542708921931_n.jpg 946w\" sizes=\"auto, (max-width: 473px) 100vw, 473px\" \/><\/a><\/figure>\n","protected":false},"excerpt":{"rendered":"<p>Alrededor del medio d\u00eda de este 14 de febrero en el norte de nuestro pa\u00eds dieron por terminado el bloqueo y paro de camioneros por el asesinato de uno de sus colegas, no as\u00ed dejan en claro si el Gobierno no cumple con lo firmado volver\u00e1n y con m\u00e1s fuerza a bloquear en forma indefinida [&hellip;]<\/p>\n","protected":false},"author":2,"featured_media":4083,"comment_status":"closed","ping_status":"closed","sticky":false,"template":"","format":"standard","meta":{"footnotes":""},"categories":[2],"tags":[],"class_list":["post-4082","post","type-post","status-publish","format-standard","has-post-thumbnail","hentry","category-noticias"],"_links":{"self":[{"href":"https:\/\/radioprimiciapelluhue.cl\/index.php?rest_route=\/wp\/v2\/posts\/4082","targetHints":{"allow":["GET"]}}],"collection":[{"href":"https:\/\/radioprimiciapelluhue.cl\/index.php?rest_route=\/wp\/v2\/posts"}],"about":[{"href":"https:\/\/radioprimiciapelluhue.cl\/index.php?rest_route=\/wp\/v2\/types\/post"}],"author":[{"embeddable":true,"href":"https:\/\/radioprimiciapelluhue.cl\/index.php?rest_route=\/wp\/v2\/users\/2"}],"replies":[{"embeddable":true,"href":"https:\/\/radioprimiciapelluhue.cl\/index.php?rest_route=%2Fwp%2Fv2%2Fcomments&post=4082"}],"version-history":[{"count":1,"href":"https:\/\/radioprimiciapelluhue.cl\/index.php?rest_route=\/wp\/v2\/posts\/4082\/revisions"}],"predecessor-version":[{"id":4084,"href":"https:\/\/radioprimiciapelluhue.cl\/index.php?rest_route=\/wp\/v2\/posts\/4082\/revisions\/4084"}],"wp:featuredmedia":[{"embeddable":true,"href":"https:\/\/radioprimiciapelluhue.cl\/index.php?rest_route=\/wp\/v2\/media\/4083"}],"wp:attachment":[{"href":"https:\/\/radioprimiciapelluhue.cl\/index.php?rest_route=%2Fwp%2Fv2%2Fmedia&parent=4082"}],"wp:term":[{"taxonomy":"category","embeddable":true,"href":"https:\/\/radioprimiciapelluhue.cl\/index.php?rest_route=%2Fwp%2Fv2%2Fcategories&post=4082"},{"taxonomy":"post_tag","embeddable":true,"href":"https:\/\/radioprimiciapelluhue.cl\/index.php?rest_route=%2Fwp%2Fv2%2Ftags&post=4082"}],"curies":[{"name":"wp","href":"https:\/\/api.w.org\/{rel}","templated":true}]}}