{"id":4107,"date":"2022-03-01T19:01:44","date_gmt":"2022-03-01T23:01:44","guid":{"rendered":"http:\/\/radioprimiciapelluhue.cl\/?p=4107"},"modified":"2022-03-01T19:01:45","modified_gmt":"2022-03-01T23:01:45","slug":"presidente-electo-nombra-a-cauquenino-humberto-aqueveque-como-delegado-regional-en-el-maule","status":"publish","type":"post","link":"https:\/\/radioprimiciapelluhue.cl\/?p=4107","title":{"rendered":"Presidente electo nombra a cauquenino Humberto Aqueveque como Delegado Regional en el Maule"},"content":{"rendered":"\n<p>En tanto el Ingeniero Comercial, tambi\u00e9n Cauquenino, con una basta trayectoria y experiencia en el servicio p\u00fablico, siendo especialista en materias de estudio y evaluaci\u00f3n de las pol\u00edticas, planes, programas y proyectos de desarrollo a nivel comunal, fue nombrado por el Presidente Gabriel Boric, como Delegado Presidencial de Cauquenes.<\/p>\n\n\n\n<p>La oficina del Presidente Electo comunica el nombramiento para las Delegaciones Presidenciales Regionales y Delegaciones Presidenciales Provinciales que coordinar\u00e1n las funciones de gobierno interior, seguridad p\u00fablica, emergencias y los servicios p\u00fablicos encada uno de los territorios.<\/p>\n\n\n\n<p>El principal desaf\u00edo de este equipo ser\u00e1 impulsar el mandato popular de desarrollar el programa a nivel regional, promoviendo la descentralizaci\u00f3n que ha recibido el gobierno y colaborar estrechamente con los gobernadores y gobernadoras regionales en ejercicio.<\/p>\n\n\n\n<p>Adem\u00e1s, se les ha solicitado a cada uno de los delegados y delegadas convocar a todas las fuerzas sociales pol\u00edticas que componen el gabinete y el equipo de gobierno a cooperar en beneficio de la regi\u00f3n y de sus habitantes.<\/p>\n\n\n\n<p>Nombramientos en Delegaci\u00f3n Presidencial Regional<\/p>\n\n\n\n<p>Humberto Aqueveque D\u00edaz, Abogado y Administrador P\u00fablico. Candidato a Mag\u00edster en Gesti\u00f3n P\u00fablica con diplomados en gesti\u00f3n de pol\u00edticas p\u00fablicas y an\u00e1lisis pol\u00edtico y social. Se ha desempe\u00f1ado en diversos \u00e1mbitos del servicio p\u00fablico y voluntariado, en el \u00e1rea de vivienda y en la Gobernaci\u00f3n Provincial de Cauquenes como jefe de Gabinete entre los a\u00f1os 2014 y 2018. Es militante del Partido Socialista donde ha ocupado distintos cargos de liderazgo a nivel pol\u00edtico en la regi\u00f3n.<\/p>\n\n\n\n<p>Nombramiento Delegaci\u00f3n Presidencial Provincial de Cauquenes Juan Eduardo Reyes Quiroz (IND), Ingeniero Comercial de profesi\u00f3n, con una basta trayectoria y experiencia en el servicio p\u00fablico, siendo especialista en materias de estudio y evaluaci\u00f3n de las pol\u00edticas, planes, programas y proyectos de desarrollo a nivel comunal.<\/p>\n\n\n\n<figure class=\"wp-block-image size-full\"><a href=\"http:\/\/radioprimiciapelluhue.cl\/wp-content\/uploads\/2022\/03\/274858526_2336013613205089_2915379801217849697_n.jpg\"><img loading=\"lazy\" decoding=\"async\" width=\"720\" height=\"720\" src=\"http:\/\/radioprimiciapelluhue.cl\/wp-content\/uploads\/2022\/03\/274858526_2336013613205089_2915379801217849697_n.jpg\" alt=\"\" class=\"wp-image-4108\" srcset=\"https:\/\/radioprimiciapelluhue.cl\/wp-content\/uploads\/2022\/03\/274858526_2336013613205089_2915379801217849697_n.jpg 720w, https:\/\/radioprimiciapelluhue.cl\/wp-content\/uploads\/2022\/03\/274858526_2336013613205089_2915379801217849697_n-300x300.jpg 300w, https:\/\/radioprimiciapelluhue.cl\/wp-content\/uploads\/2022\/03\/274858526_2336013613205089_2915379801217849697_n-150x150.jpg 150w, https:\/\/radioprimiciapelluhue.cl\/wp-content\/uploads\/2022\/03\/274858526_2336013613205089_2915379801217849697_n-520x520.jpg 520w, https:\/\/radioprimiciapelluhue.cl\/wp-content\/uploads\/2022\/03\/274858526_2336013613205089_2915379801217849697_n-120x120.jpg 120w\" sizes=\"auto, (max-width: 720px) 100vw, 720px\" \/><\/a><\/figure>\n","protected":false},"excerpt":{"rendered":"<p>En tanto el Ingeniero Comercial, tambi\u00e9n Cauquenino, con una basta trayectoria y experiencia en el servicio p\u00fablico, siendo especialista en materias de estudio y evaluaci\u00f3n de las pol\u00edticas, planes, programas y proyectos de desarrollo a nivel comunal, fue nombrado por el Presidente Gabriel Boric, como Delegado Presidencial de Cauquenes. La oficina del Presidente Electo comunica [&hellip;]<\/p>\n","protected":false},"author":2,"featured_media":4108,"comment_status":"closed","ping_status":"closed","sticky":false,"template":"","format":"standard","meta":{"footnotes":""},"categories":[60],"tags":[],"class_list":["post-4107","post","type-post","status-publish","format-standard","has-post-thumbnail","hentry","category-politica"],"_links":{"self":[{"href":"https:\/\/radioprimiciapelluhue.cl\/index.php?rest_route=\/wp\/v2\/posts\/4107","targetHints":{"allow":["GET"]}}],"collection":[{"href":"https:\/\/radioprimiciapelluhue.cl\/index.php?rest_route=\/wp\/v2\/posts"}],"about":[{"href":"https:\/\/radioprimiciapelluhue.cl\/index.php?rest_route=\/wp\/v2\/types\/post"}],"author":[{"embeddable":true,"href":"https:\/\/radioprimiciapelluhue.cl\/index.php?rest_route=\/wp\/v2\/users\/2"}],"replies":[{"embeddable":true,"href":"https:\/\/radioprimiciapelluhue.cl\/index.php?rest_route=%2Fwp%2Fv2%2Fcomments&post=4107"}],"version-history":[{"count":1,"href":"https:\/\/radioprimiciapelluhue.cl\/index.php?rest_route=\/wp\/v2\/posts\/4107\/revisions"}],"predecessor-version":[{"id":4109,"href":"https:\/\/radioprimiciapelluhue.cl\/index.php?rest_route=\/wp\/v2\/posts\/4107\/revisions\/4109"}],"wp:featuredmedia":[{"embeddable":true,"href":"https:\/\/radioprimiciapelluhue.cl\/index.php?rest_route=\/wp\/v2\/media\/4108"}],"wp:attachment":[{"href":"https:\/\/radioprimiciapelluhue.cl\/index.php?rest_route=%2Fwp%2Fv2%2Fmedia&parent=4107"}],"wp:term":[{"taxonomy":"category","embeddable":true,"href":"https:\/\/radioprimiciapelluhue.cl\/index.php?rest_route=%2Fwp%2Fv2%2Fcategories&post=4107"},{"taxonomy":"post_tag","embeddable":true,"href":"https:\/\/radioprimiciapelluhue.cl\/index.php?rest_route=%2Fwp%2Fv2%2Ftags&post=4107"}],"curies":[{"name":"wp","href":"https:\/\/api.w.org\/{rel}","templated":true}]}}