{"id":4116,"date":"2022-03-11T11:03:26","date_gmt":"2022-03-11T15:03:26","guid":{"rendered":"http:\/\/radioprimiciapelluhue.cl\/?p=4116"},"modified":"2022-03-11T11:03:26","modified_gmt":"2022-03-11T15:03:26","slug":"ministerios-del-interior-y-de-justicia-del-futuro-gobierno-anuncian","status":"publish","type":"post","link":"https:\/\/radioprimiciapelluhue.cl\/?p=4116","title":{"rendered":"<strong>Ministerios del Interior y de Justicia del futuro Gobierno anuncian<\/strong>"},"content":{"rendered":"\n<p><strong>el retiro inmediato de 139 querellas por Ley de Seguridad del<\/strong> <strong>Estado<\/strong><\/p>\n\n\n\n<p>Adem\u00e1s se conformar\u00e1 una mesa de reparaci\u00f3n para las v\u00edctimas de DDHH y el Ministerio de Econom\u00eda entregar\u00e1 apoyo a pymes afectadas en el contexto de las manifestaciones.<\/p>\n\n\n\n<p>Jueves 10 de marzo de 2022.- Luego de un trabajo conjunto, las ministras entrantes Izkia Siches y Marcela R\u00edos anunciaron como una de las primeras medidas del Gobierno el retiro inmediato de 139 querellas por Ley de Seguridad del Estado (LSE), presentadas en el marco del estallido social. Esta medida fue una promesa plasmada en el programa de gobierno del Presidente Gabriel Boric, y busca que la LSE no sea utilizada para la persecuci\u00f3n injusta y desproporcionada. Asimismo, se conformar\u00e1 una mesa de reparaci\u00f3n para las v\u00edctimas de violaci\u00f3n de Derechos Humanos que estar\u00e1 a cargo de la pr\u00f3xima Subsecretaria Haydee Oberreuter. Por otra parte, desde el ministerio de Econom\u00eda se apoyar\u00e1 a micro, peque\u00f1os y medianos comerciantes de sectores afectados en el contexto de las manifestaciones del estallido social, quienes sufrieron de forma directa da\u00f1os severos en sus fuentes de trabajo. Como parte de la agenda de recuperaci\u00f3n inclusiva, se destinar\u00e1n recursos para reactivar los barrios y espacios afectados, asegurando as\u00ed que vuelvan a estar disponibles para emprender. Para el gobierno del Presidente electo Gabriel Boric es importante la voluntad pol\u00edtica de reconstruir confianzas, y avanzar hacia la paz social.<\/p>\n\n\n\n<figure class=\"wp-block-image size-full\"><a href=\"http:\/\/radioprimiciapelluhue.cl\/wp-content\/uploads\/2022\/03\/275477089_2344909592315491_9008677358410315167_n.jpg\"><img loading=\"lazy\" decoding=\"async\" width=\"945\" height=\"881\" src=\"http:\/\/radioprimiciapelluhue.cl\/wp-content\/uploads\/2022\/03\/275477089_2344909592315491_9008677358410315167_n.jpg\" alt=\"\" class=\"wp-image-4117\" srcset=\"https:\/\/radioprimiciapelluhue.cl\/wp-content\/uploads\/2022\/03\/275477089_2344909592315491_9008677358410315167_n.jpg 945w, https:\/\/radioprimiciapelluhue.cl\/wp-content\/uploads\/2022\/03\/275477089_2344909592315491_9008677358410315167_n-300x280.jpg 300w, https:\/\/radioprimiciapelluhue.cl\/wp-content\/uploads\/2022\/03\/275477089_2344909592315491_9008677358410315167_n-768x716.jpg 768w\" sizes=\"auto, (max-width: 945px) 100vw, 945px\" \/><\/a><\/figure>\n","protected":false},"excerpt":{"rendered":"<p>el retiro inmediato de 139 querellas por Ley de Seguridad del Estado Adem\u00e1s se conformar\u00e1 una mesa de reparaci\u00f3n para las v\u00edctimas de DDHH y el Ministerio de Econom\u00eda entregar\u00e1 apoyo a pymes afectadas en el contexto de las manifestaciones. Jueves 10 de marzo de 2022.- Luego de un trabajo conjunto, las ministras entrantes Izkia [&hellip;]<\/p>\n","protected":false},"author":2,"featured_media":4118,"comment_status":"closed","ping_status":"closed","sticky":false,"template":"","format":"standard","meta":{"footnotes":""},"categories":[60],"tags":[],"class_list":["post-4116","post","type-post","status-publish","format-standard","has-post-thumbnail","hentry","category-politica"],"_links":{"self":[{"href":"https:\/\/radioprimiciapelluhue.cl\/index.php?rest_route=\/wp\/v2\/posts\/4116","targetHints":{"allow":["GET"]}}],"collection":[{"href":"https:\/\/radioprimiciapelluhue.cl\/index.php?rest_route=\/wp\/v2\/posts"}],"about":[{"href":"https:\/\/radioprimiciapelluhue.cl\/index.php?rest_route=\/wp\/v2\/types\/post"}],"author":[{"embeddable":true,"href":"https:\/\/radioprimiciapelluhue.cl\/index.php?rest_route=\/wp\/v2\/users\/2"}],"replies":[{"embeddable":true,"href":"https:\/\/radioprimiciapelluhue.cl\/index.php?rest_route=%2Fwp%2Fv2%2Fcomments&post=4116"}],"version-history":[{"count":1,"href":"https:\/\/radioprimiciapelluhue.cl\/index.php?rest_route=\/wp\/v2\/posts\/4116\/revisions"}],"predecessor-version":[{"id":4119,"href":"https:\/\/radioprimiciapelluhue.cl\/index.php?rest_route=\/wp\/v2\/posts\/4116\/revisions\/4119"}],"wp:featuredmedia":[{"embeddable":true,"href":"https:\/\/radioprimiciapelluhue.cl\/index.php?rest_route=\/wp\/v2\/media\/4118"}],"wp:attachment":[{"href":"https:\/\/radioprimiciapelluhue.cl\/index.php?rest_route=%2Fwp%2Fv2%2Fmedia&parent=4116"}],"wp:term":[{"taxonomy":"category","embeddable":true,"href":"https:\/\/radioprimiciapelluhue.cl\/index.php?rest_route=%2Fwp%2Fv2%2Fcategories&post=4116"},{"taxonomy":"post_tag","embeddable":true,"href":"https:\/\/radioprimiciapelluhue.cl\/index.php?rest_route=%2Fwp%2Fv2%2Ftags&post=4116"}],"curies":[{"name":"wp","href":"https:\/\/api.w.org\/{rel}","templated":true}]}}