{"id":4120,"date":"2022-03-11T21:53:09","date_gmt":"2022-03-12T01:53:09","guid":{"rendered":"http:\/\/radioprimiciapelluhue.cl\/?p=4120"},"modified":"2022-03-11T21:53:10","modified_gmt":"2022-03-12T01:53:10","slug":"la-foto-final-del-presidente-gabriel-boric-el-mas-joven-en-la-historia-de-chile-y-que-estara-en-todas-las-oficinas-publicas-del-pais","status":"publish","type":"post","link":"https:\/\/radioprimiciapelluhue.cl\/?p=4120","title":{"rendered":"La foto final del Presidente Gabriel Boric el m\u00e1s joven en la historia de Chile y que estar\u00e1 en todas las oficinas p\u00fablicas del Pa\u00eds"},"content":{"rendered":"\n<figure class=\"wp-block-image size-full\"><a href=\"http:\/\/radioprimiciapelluhue.cl\/wp-content\/uploads\/2022\/03\/275129959_2345181988954918_3650759795818337148_n.jpg\"><img loading=\"lazy\" decoding=\"async\" width=\"750\" height=\"946\" src=\"http:\/\/radioprimiciapelluhue.cl\/wp-content\/uploads\/2022\/03\/275129959_2345181988954918_3650759795818337148_n.jpg\" alt=\"\" class=\"wp-image-4121\" srcset=\"https:\/\/radioprimiciapelluhue.cl\/wp-content\/uploads\/2022\/03\/275129959_2345181988954918_3650759795818337148_n.jpg 750w, https:\/\/radioprimiciapelluhue.cl\/wp-content\/uploads\/2022\/03\/275129959_2345181988954918_3650759795818337148_n-238x300.jpg 238w\" sizes=\"auto, (max-width: 750px) 100vw, 750px\" \/><\/a><\/figure>\n","protected":false},"excerpt":{"rendered":"","protected":false},"author":2,"featured_media":4121,"comment_status":"closed","ping_status":"closed","sticky":false,"template":"","format":"standard","meta":{"footnotes":""},"categories":[60],"tags":[],"class_list":["post-4120","post","type-post","status-publish","format-standard","has-post-thumbnail","hentry","category-politica"],"_links":{"self":[{"href":"https:\/\/radioprimiciapelluhue.cl\/index.php?rest_route=\/wp\/v2\/posts\/4120","targetHints":{"allow":["GET"]}}],"collection":[{"href":"https:\/\/radioprimiciapelluhue.cl\/index.php?rest_route=\/wp\/v2\/posts"}],"about":[{"href":"https:\/\/radioprimiciapelluhue.cl\/index.php?rest_route=\/wp\/v2\/types\/post"}],"author":[{"embeddable":true,"href":"https:\/\/radioprimiciapelluhue.cl\/index.php?rest_route=\/wp\/v2\/users\/2"}],"replies":[{"embeddable":true,"href":"https:\/\/radioprimiciapelluhue.cl\/index.php?rest_route=%2Fwp%2Fv2%2Fcomments&post=4120"}],"version-history":[{"count":1,"href":"https:\/\/radioprimiciapelluhue.cl\/index.php?rest_route=\/wp\/v2\/posts\/4120\/revisions"}],"predecessor-version":[{"id":4122,"href":"https:\/\/radioprimiciapelluhue.cl\/index.php?rest_route=\/wp\/v2\/posts\/4120\/revisions\/4122"}],"wp:featuredmedia":[{"embeddable":true,"href":"https:\/\/radioprimiciapelluhue.cl\/index.php?rest_route=\/wp\/v2\/media\/4121"}],"wp:attachment":[{"href":"https:\/\/radioprimiciapelluhue.cl\/index.php?rest_route=%2Fwp%2Fv2%2Fmedia&parent=4120"}],"wp:term":[{"taxonomy":"category","embeddable":true,"href":"https:\/\/radioprimiciapelluhue.cl\/index.php?rest_route=%2Fwp%2Fv2%2Fcategories&post=4120"},{"taxonomy":"post_tag","embeddable":true,"href":"https:\/\/radioprimiciapelluhue.cl\/index.php?rest_route=%2Fwp%2Fv2%2Ftags&post=4120"}],"curies":[{"name":"wp","href":"https:\/\/api.w.org\/{rel}","templated":true}]}}