{"id":4123,"date":"2022-03-11T22:29:05","date_gmt":"2022-03-12T02:29:05","guid":{"rendered":"http:\/\/radioprimiciapelluhue.cl\/?p=4123"},"modified":"2022-03-11T22:29:06","modified_gmt":"2022-03-12T02:29:06","slug":"senadora-rincon-valora-puesta-en-marcha-de-planta-elevadora-de-aguas-de-rio-claro-a-canal-pencahue","status":"publish","type":"post","link":"https:\/\/radioprimiciapelluhue.cl\/?p=4123","title":{"rendered":"Senadora Rinc\u00f3n valora puesta en marcha de planta elevadora de aguas de r\u00edo Claro a Canal Pencahue"},"content":{"rendered":"\n<p>La senadora record\u00f3 que en septiembre pasado y junto a dirigentes de la Agr\u00edcola Central, se reuni\u00f3 con altos personeros del Ministerio de Obras P\u00fablicas para solicitar recursos de emergencia para este proyecto, ante el riesgo evidente de que m\u00e1s de diez mil hect\u00e1reas quedasen sin riego.&nbsp; \u201cSignifica una tremenda tranquilidad para cientos de agricultores\u201d, sostuvo la legisladora<\/p>\n\n\n\n<p>Como una buena noticia para cientos de agricultores y trabajadores agr\u00edcolas del valle de Pencahue, calific\u00f3 la Senadora por el Maule, Ximena Rinc\u00f3n Gonz\u00e1lez, la puesta en marcha de la planta elevadora de aguas desde el r\u00edo Maule al canal Pencahue, obra que se materializ\u00f3 con recursos de emergencia del Ministerio de Obras P\u00fablicas, tal como la propia parlamentaria y la directiva de la Agr\u00edcola Central, lo solicitaron en septiembre del a\u00f1o pasado.<\/p>\n\n\n\n<p>\u201cEsta obra es fundamental para garantizar el riego de diez mil hect\u00e1reas en esta comuna del secano costero y el trabajo directo de 620 agricultores e indirecto de miles de personas que laboral en la zona durante la temporada agr\u00edcola, que durante enero y febrero vivi\u00f3 momentos cr\u00edticos por falta de caudal.&nbsp; Por eso es una noticia tan potente que aguas del r\u00edo Claro puedan elevarse para aumentar el caudal del canal Pencahue\u201d, sostuvo la legisladora.<\/p>\n\n\n\n<p>A\u00f1adi\u00f3 que fueron meses solicitando esta medida, la que de haberse materializado antes, hubiese evitado el sufrimiento de la gente que vive de la agricultura en el valle de Pencahue.<\/p>\n\n\n\n<p>\u201cAhora lo importante es que el canal tendr\u00e1 un caudal mayor al que ten\u00eda, si bien no el ideal dada la sequ\u00eda que se vive.&nbsp; Se demoraron en escucharnos, pero lo importante es que lo hicieron y hoy se ve el futuro con algo m\u00e1s de esperanza\u201d, dijo la Senadora.<\/p>\n\n\n\n<p>A\u00f1adi\u00f3 que este tipo de obras no pueden ser hechos aislados, sino que deben ser parte de una pol\u00edtica nacional de Estado para enfrentar la sequ\u00eda, entendiendo que se trata de un fen\u00f3meno con el que habr\u00e1 que convivir de ahora en adelante.<\/p>\n\n\n\n<p>\u00a0\u201cPodemos hacer todas las reformas tributarias que queramos, podemos invertir miles de millones de pesos en salud, en educaci\u00f3n, pero si no tenemos agua, ning\u00fan esfuerzo dar\u00e1 frutos.\u00a0 La discusi\u00f3n sobre la gesti\u00f3n h\u00eddrica no puede postergarse un d\u00eda m\u00e1s, porque la sequia lleg\u00f3 para quedarse, que duda cabe. Son trece a\u00f1os consecutivos con precipitaciones bajo lo normal que han dejado un d\u00e9ficit h\u00eddrico preocupante. Tenemos racionamiento en diversas partes del pa\u00eds y el Maule no es la excepci\u00f3n, por lo que debemos trabajar proactivamente y con una pol\u00edtica de Estado que trascienda al Gobierno de turno\u201d, concluy\u00f3 la parlamentaria.<\/p>\n\n\n\n<figure class=\"wp-block-image size-large\"><a href=\"http:\/\/radioprimiciapelluhue.cl\/wp-content\/uploads\/2022\/03\/03-08-canal-Pencahue.jpg\"><img loading=\"lazy\" decoding=\"async\" width=\"693\" height=\"1024\" src=\"http:\/\/radioprimiciapelluhue.cl\/wp-content\/uploads\/2022\/03\/03-08-canal-Pencahue-693x1024.jpg\" alt=\"\" class=\"wp-image-4124\" srcset=\"https:\/\/radioprimiciapelluhue.cl\/wp-content\/uploads\/2022\/03\/03-08-canal-Pencahue-693x1024.jpg 693w, https:\/\/radioprimiciapelluhue.cl\/wp-content\/uploads\/2022\/03\/03-08-canal-Pencahue-203x300.jpg 203w, https:\/\/radioprimiciapelluhue.cl\/wp-content\/uploads\/2022\/03\/03-08-canal-Pencahue-768x1135.jpg 768w, https:\/\/radioprimiciapelluhue.cl\/wp-content\/uploads\/2022\/03\/03-08-canal-Pencahue.jpg 888w\" sizes=\"auto, (max-width: 693px) 100vw, 693px\" \/><\/a><\/figure>\n","protected":false},"excerpt":{"rendered":"<p>La senadora record\u00f3 que en septiembre pasado y junto a dirigentes de la Agr\u00edcola Central, se reuni\u00f3 con altos personeros del Ministerio de Obras P\u00fablicas para solicitar recursos de emergencia para este proyecto, ante el riesgo evidente de que m\u00e1s de diez mil hect\u00e1reas quedasen sin riego.&nbsp; \u201cSignifica una tremenda tranquilidad para cientos de agricultores\u201d, [&hellip;]<\/p>\n","protected":false},"author":2,"featured_media":3468,"comment_status":"closed","ping_status":"closed","sticky":false,"template":"","format":"standard","meta":{"footnotes":""},"categories":[60],"tags":[],"class_list":["post-4123","post","type-post","status-publish","format-standard","has-post-thumbnail","hentry","category-politica"],"_links":{"self":[{"href":"https:\/\/radioprimiciapelluhue.cl\/index.php?rest_route=\/wp\/v2\/posts\/4123","targetHints":{"allow":["GET"]}}],"collection":[{"href":"https:\/\/radioprimiciapelluhue.cl\/index.php?rest_route=\/wp\/v2\/posts"}],"about":[{"href":"https:\/\/radioprimiciapelluhue.cl\/index.php?rest_route=\/wp\/v2\/types\/post"}],"author":[{"embeddable":true,"href":"https:\/\/radioprimiciapelluhue.cl\/index.php?rest_route=\/wp\/v2\/users\/2"}],"replies":[{"embeddable":true,"href":"https:\/\/radioprimiciapelluhue.cl\/index.php?rest_route=%2Fwp%2Fv2%2Fcomments&post=4123"}],"version-history":[{"count":1,"href":"https:\/\/radioprimiciapelluhue.cl\/index.php?rest_route=\/wp\/v2\/posts\/4123\/revisions"}],"predecessor-version":[{"id":4125,"href":"https:\/\/radioprimiciapelluhue.cl\/index.php?rest_route=\/wp\/v2\/posts\/4123\/revisions\/4125"}],"wp:featuredmedia":[{"embeddable":true,"href":"https:\/\/radioprimiciapelluhue.cl\/index.php?rest_route=\/wp\/v2\/media\/3468"}],"wp:attachment":[{"href":"https:\/\/radioprimiciapelluhue.cl\/index.php?rest_route=%2Fwp%2Fv2%2Fmedia&parent=4123"}],"wp:term":[{"taxonomy":"category","embeddable":true,"href":"https:\/\/radioprimiciapelluhue.cl\/index.php?rest_route=%2Fwp%2Fv2%2Fcategories&post=4123"},{"taxonomy":"post_tag","embeddable":true,"href":"https:\/\/radioprimiciapelluhue.cl\/index.php?rest_route=%2Fwp%2Fv2%2Ftags&post=4123"}],"curies":[{"name":"wp","href":"https:\/\/api.w.org\/{rel}","templated":true}]}}