{"id":4131,"date":"2022-03-25T22:20:05","date_gmt":"2022-03-26T02:20:05","guid":{"rendered":"http:\/\/radioprimiciapelluhue.cl\/?p=4131"},"modified":"2022-03-25T22:20:05","modified_gmt":"2022-03-26T02:20:05","slug":"carabineros-entrega-ayuda-a-venezolanos-que-viven-en-situacion-de-calle-en-linares","status":"publish","type":"post","link":"https:\/\/radioprimiciapelluhue.cl\/?p=4131","title":{"rendered":"CARABINEROS ENTREGA AYUDA A VENEZOLANOS QUE VIVEN EN SITUACI\u00d3N DE CALLE EN LINARES."},"content":{"rendered":"\n<p>De manera permanente se monitorea las necesidades existentes, as\u00ed como el estado de salud de aquellos que hacen de la calle su hogar.<\/p>\n\n\n\n<p>En horas de la tarde de este martes, Carabineros de la Oficina de Integraci\u00f3n Comunitaria de la primera comisar\u00eda de Linares visitaron a vecinos en situaci\u00f3n de calle de nacionalidad venezolana; dentro de ellos hay 11 adultos y 13 ni\u00f1os y ni\u00f1as, quienes llegaron a Chile en el mes de diciembre y desde febrero est\u00e1n la ciudad de Linares, con esperanzas de un mejor bienestar para sus familias, encontr\u00e1ndose con dificultades y diversas problem\u00e1ticas.<\/p>\n\n\n\n<p>Ante ello, es que Carabineros entreg\u00f3 prendas de vestir, zapatos, alimentos, agua y loza. Ellos residen en calle Januario Espinoza con Valent\u00edn Letelier, en un sitio eriazo donde armaron \u201csus hogares\u201d de manera espor\u00e1dica y precaria, donde a simple vista se palpan las necesidades, un lugar que es de paso, mientras se van acomodando en lugares seguros y confortables.<\/p>\n\n\n\n<p>El jefe de la oficina de Integraci\u00f3n Comunitaria de la 1era. Comisar\u00eda de Linares, Suboficial Mayor Jos\u00e9 Norambuena mencion\u00f3 \u201c Como Carabineros estamos comprometidos con la sociedad en su totalidad, sobre todo con aquellos que m\u00e1s lo requieren, en este caso con los vecinos en situaci\u00f3n de calle, precisamente este grupo de venezolanos que est\u00e1n pasando por dificultades, debido a la pandemia generada por Coronavirus y otras tem\u00e1ticas; siendo las necesidades m\u00faltiples, por ello que se desarrollan estas acciones, para cooperar y brindar una peque\u00f1a ayuda\u201d, finaliz\u00f3.<\/p>\n\n\n\n<p>CARABINEROS DE CHILE, ORDEN Y PATRIA<\/p>\n\n\n\n<figure class=\"wp-block-image size-full\"><a href=\"http:\/\/radioprimiciapelluhue.cl\/wp-content\/uploads\/2022\/03\/276140426_2355086727964444_5485781293882305878_n.jpg\"><img loading=\"lazy\" decoding=\"async\" width=\"768\" height=\"1024\" src=\"http:\/\/radioprimiciapelluhue.cl\/wp-content\/uploads\/2022\/03\/276140426_2355086727964444_5485781293882305878_n.jpg\" alt=\"\" class=\"wp-image-4132\" srcset=\"https:\/\/radioprimiciapelluhue.cl\/wp-content\/uploads\/2022\/03\/276140426_2355086727964444_5485781293882305878_n.jpg 768w, https:\/\/radioprimiciapelluhue.cl\/wp-content\/uploads\/2022\/03\/276140426_2355086727964444_5485781293882305878_n-225x300.jpg 225w\" sizes=\"auto, (max-width: 768px) 100vw, 768px\" \/><\/a><\/figure>\n","protected":false},"excerpt":{"rendered":"<p>De manera permanente se monitorea las necesidades existentes, as\u00ed como el estado de salud de aquellos que hacen de la calle su hogar. En horas de la tarde de este martes, Carabineros de la Oficina de Integraci\u00f3n Comunitaria de la primera comisar\u00eda de Linares visitaron a vecinos en situaci\u00f3n de calle de nacionalidad venezolana; dentro [&hellip;]<\/p>\n","protected":false},"author":2,"featured_media":4080,"comment_status":"closed","ping_status":"closed","sticky":false,"template":"","format":"standard","meta":{"footnotes":""},"categories":[59],"tags":[],"class_list":["post-4131","post","type-post","status-publish","format-standard","has-post-thumbnail","hentry","category-policial"],"_links":{"self":[{"href":"https:\/\/radioprimiciapelluhue.cl\/index.php?rest_route=\/wp\/v2\/posts\/4131","targetHints":{"allow":["GET"]}}],"collection":[{"href":"https:\/\/radioprimiciapelluhue.cl\/index.php?rest_route=\/wp\/v2\/posts"}],"about":[{"href":"https:\/\/radioprimiciapelluhue.cl\/index.php?rest_route=\/wp\/v2\/types\/post"}],"author":[{"embeddable":true,"href":"https:\/\/radioprimiciapelluhue.cl\/index.php?rest_route=\/wp\/v2\/users\/2"}],"replies":[{"embeddable":true,"href":"https:\/\/radioprimiciapelluhue.cl\/index.php?rest_route=%2Fwp%2Fv2%2Fcomments&post=4131"}],"version-history":[{"count":1,"href":"https:\/\/radioprimiciapelluhue.cl\/index.php?rest_route=\/wp\/v2\/posts\/4131\/revisions"}],"predecessor-version":[{"id":4133,"href":"https:\/\/radioprimiciapelluhue.cl\/index.php?rest_route=\/wp\/v2\/posts\/4131\/revisions\/4133"}],"wp:featuredmedia":[{"embeddable":true,"href":"https:\/\/radioprimiciapelluhue.cl\/index.php?rest_route=\/wp\/v2\/media\/4080"}],"wp:attachment":[{"href":"https:\/\/radioprimiciapelluhue.cl\/index.php?rest_route=%2Fwp%2Fv2%2Fmedia&parent=4131"}],"wp:term":[{"taxonomy":"category","embeddable":true,"href":"https:\/\/radioprimiciapelluhue.cl\/index.php?rest_route=%2Fwp%2Fv2%2Fcategories&post=4131"},{"taxonomy":"post_tag","embeddable":true,"href":"https:\/\/radioprimiciapelluhue.cl\/index.php?rest_route=%2Fwp%2Fv2%2Ftags&post=4131"}],"curies":[{"name":"wp","href":"https:\/\/api.w.org\/{rel}","templated":true}]}}