{"id":4143,"date":"2022-03-30T19:13:09","date_gmt":"2022-03-30T23:13:09","guid":{"rendered":"http:\/\/radioprimiciapelluhue.cl\/?p=4143"},"modified":"2022-03-30T19:13:10","modified_gmt":"2022-03-30T23:13:10","slug":"senadora-rincon-pide-rapida-investigacion-y-dura-sancion-para-autores-de-incendio-de-escuela-geronimo-lagos","status":"publish","type":"post","link":"https:\/\/radioprimiciapelluhue.cl\/?p=4143","title":{"rendered":"Senadora Rinc\u00f3n pide r\u00e1pida investigaci\u00f3n y dura sanci\u00f3n para autores de incendio de escuela Ger\u00f3nimo Lagos"},"content":{"rendered":"\n<p>Parlamentaria, quien se puso a disposici\u00f3n del municipio de San Javier para gestionar la reconstrucci\u00f3n del establecimiento que alberga a m\u00e1s de 600 estudiantes, dijo que los hechos de delictuales y de violencia deben tener condenas ejemplares. \u201cSi no somos capaces de entender aquello \u00bfQu\u00e9 mensaje estamos dando a la sociedad?, asegur\u00f3 la legisladora.<\/p>\n\n\n\n<p>Una investigaci\u00f3n r\u00e1pida que permita detener a los responsables y sancionarlos con la mayor pena posible por el robo e incendio de la Escuela Ger\u00f3nimo Lagos Lisboa, solicit\u00f3 la Senadora por el Maule, Ximena Rinc\u00f3n Gonz\u00e1lez, quien se puso a disposici\u00f3n del municipio en las gestiones tendientes a reconstruir el edificio que alberga a m\u00e1s de 600 estudiantes y que, producto del siniestro, registr\u00f3 p\u00e9rdidas por m\u00e1s de tres mil 500 millones de pesos.<\/p>\n\n\n\n<p>\u201cCondeno lo sucedido en San Javier. Mi solidaridad con el alcalde y con la comunidad escolar. P\u00e9rdidas por tres mil 500 millones de pesos, 600 ni\u00f1os sin clases,&nbsp; por un robo y un incendio intencional que no tiene ninguna justificaci\u00f3n. Esto no puede seguir sucediendo, las se\u00f1ales deben ser claras y los hechos delictivos y de violencia, deben tener sanci\u00f3n.&nbsp; Si no somos de entender aquello, \u00bfqu\u00e9 mensaje estamos dando a la sociedad? \u00bfQu\u00e9 todo se permite? \u00bfQu\u00e9 todo se puede hacer? Basta, basta, porque tenemos que cuidarnos entre todos\u201d, asegur\u00f3 la legisladora.<\/p>\n\n\n\n<p>La legisladora sostuvo que es indispensable actuar con prontitud para que en el corto plazo los estudiante, profesores y asistentes de la educaci\u00f3n de la Escuela Ger\u00f3nimo Lagos puedan retomar sus clases en las mejores condiciones posibles, mientras se consiguen los recursos para su reconstrucci\u00f3n tras los severos da\u00f1os provocados por el incendio. \u201cVamos a apoyar al municipio, al alcalde, para que las clases se retomen cuanto antes, pero entendiendo que no puede ser a cualquier precio.\u00a0 Eso, mientras trabajamos para una soluci\u00f3n definitiva, que esperamos est\u00e9 pronto, porque lo que no puede ocurrir es que pase el tiempo y la situaci\u00f3n de emergencia que se comienza a vivir, termine por normalizarse.\u00a0 Conf\u00edo en que ello no ocurrir\u00e1\u201d, concluy\u00f3 la parlamentaria.<\/p>\n\n\n\n<figure class=\"wp-block-image size-large\"><a href=\"http:\/\/radioprimiciapelluhue.cl\/wp-content\/uploads\/2022\/03\/WhatsApp-Image-2022-03-30-at-8.11.42-PM.jpeg\"><img loading=\"lazy\" decoding=\"async\" width=\"1024\" height=\"768\" src=\"http:\/\/radioprimiciapelluhue.cl\/wp-content\/uploads\/2022\/03\/WhatsApp-Image-2022-03-30-at-8.11.42-PM-1024x768.jpeg\" alt=\"\" class=\"wp-image-4144\" srcset=\"https:\/\/radioprimiciapelluhue.cl\/wp-content\/uploads\/2022\/03\/WhatsApp-Image-2022-03-30-at-8.11.42-PM-1024x768.jpeg 1024w, https:\/\/radioprimiciapelluhue.cl\/wp-content\/uploads\/2022\/03\/WhatsApp-Image-2022-03-30-at-8.11.42-PM-300x225.jpeg 300w, https:\/\/radioprimiciapelluhue.cl\/wp-content\/uploads\/2022\/03\/WhatsApp-Image-2022-03-30-at-8.11.42-PM-768x576.jpeg 768w, https:\/\/radioprimiciapelluhue.cl\/wp-content\/uploads\/2022\/03\/WhatsApp-Image-2022-03-30-at-8.11.42-PM.jpeg 1280w\" sizes=\"auto, (max-width: 1024px) 100vw, 1024px\" \/><\/a><\/figure>\n","protected":false},"excerpt":{"rendered":"<p>Parlamentaria, quien se puso a disposici\u00f3n del municipio de San Javier para gestionar la reconstrucci\u00f3n del establecimiento que alberga a m\u00e1s de 600 estudiantes, dijo que los hechos de delictuales y de violencia deben tener condenas ejemplares. \u201cSi no somos capaces de entender aquello \u00bfQu\u00e9 mensaje estamos dando a la sociedad?, asegur\u00f3 la legisladora. Una [&hellip;]<\/p>\n","protected":false},"author":2,"featured_media":3865,"comment_status":"closed","ping_status":"closed","sticky":false,"template":"","format":"standard","meta":{"footnotes":""},"categories":[60],"tags":[],"class_list":["post-4143","post","type-post","status-publish","format-standard","has-post-thumbnail","hentry","category-politica"],"_links":{"self":[{"href":"https:\/\/radioprimiciapelluhue.cl\/index.php?rest_route=\/wp\/v2\/posts\/4143","targetHints":{"allow":["GET"]}}],"collection":[{"href":"https:\/\/radioprimiciapelluhue.cl\/index.php?rest_route=\/wp\/v2\/posts"}],"about":[{"href":"https:\/\/radioprimiciapelluhue.cl\/index.php?rest_route=\/wp\/v2\/types\/post"}],"author":[{"embeddable":true,"href":"https:\/\/radioprimiciapelluhue.cl\/index.php?rest_route=\/wp\/v2\/users\/2"}],"replies":[{"embeddable":true,"href":"https:\/\/radioprimiciapelluhue.cl\/index.php?rest_route=%2Fwp%2Fv2%2Fcomments&post=4143"}],"version-history":[{"count":1,"href":"https:\/\/radioprimiciapelluhue.cl\/index.php?rest_route=\/wp\/v2\/posts\/4143\/revisions"}],"predecessor-version":[{"id":4145,"href":"https:\/\/radioprimiciapelluhue.cl\/index.php?rest_route=\/wp\/v2\/posts\/4143\/revisions\/4145"}],"wp:featuredmedia":[{"embeddable":true,"href":"https:\/\/radioprimiciapelluhue.cl\/index.php?rest_route=\/wp\/v2\/media\/3865"}],"wp:attachment":[{"href":"https:\/\/radioprimiciapelluhue.cl\/index.php?rest_route=%2Fwp%2Fv2%2Fmedia&parent=4143"}],"wp:term":[{"taxonomy":"category","embeddable":true,"href":"https:\/\/radioprimiciapelluhue.cl\/index.php?rest_route=%2Fwp%2Fv2%2Fcategories&post=4143"},{"taxonomy":"post_tag","embeddable":true,"href":"https:\/\/radioprimiciapelluhue.cl\/index.php?rest_route=%2Fwp%2Fv2%2Ftags&post=4143"}],"curies":[{"name":"wp","href":"https:\/\/api.w.org\/{rel}","templated":true}]}}