{"id":4146,"date":"2022-03-30T19:22:25","date_gmt":"2022-03-30T23:22:25","guid":{"rendered":"http:\/\/radioprimiciapelluhue.cl\/?p=4146"},"modified":"2022-03-30T19:22:26","modified_gmt":"2022-03-30T23:22:26","slug":"carabineros-detuvo-a-un-sujeto-por-falsificacion-de-placas-patentes-en-san-javier","status":"publish","type":"post","link":"https:\/\/radioprimiciapelluhue.cl\/?p=4146","title":{"rendered":"CARABINEROS DETUVO A UN SUJETO POR FALSIFICACI\u00d3N DE PLACAS PATENTES EN SAN JAVIER"},"content":{"rendered":"\n<p><em>En horas de la madrugada de este mi\u00e9rcoles en calle Sor Teresa de los Andes.<\/em><\/p>\n\n\n\n<p>Carabineros tras realizar patrullajes nocturnos de seguridad por la comuna, se percatan que en calle Sor Teresa de los andes se encontraba un veh\u00edculo mal estacionado, obstaculizando la entrada y salida de m\u00f3viles de un domicilio particular, es por ello que al solicitar reubicar su autom\u00f3vil del lugar, se percatan que las placas patentes estar\u00edan adulteras, por ello es fiscalizado, a trav\u00e9s de lo cual adem\u00e1s se corrobora que este manten\u00eda encargo vigente por robo, siendo detenido el conductor de iniciales A.A. Z.M de 39 a\u00f1os.<\/p>\n\n\n\n<p>El m\u00f3vil correspond\u00eda a una camioneta marca Nissan- Modelo Np300 de color gris el que, por instrucci\u00f3n del Fiscal de turno, ser\u00e1 periciado por la secci\u00f3n SEBV de Talca.<\/p>\n\n\n\n<p>Por su parte, el sujeto de 39 a\u00f1os fue puesto a disposici\u00f3n de la justicia.<\/p>\n\n\n\n<figure class=\"wp-block-image size-large\"><a href=\"http:\/\/radioprimiciapelluhue.cl\/wp-content\/uploads\/2022\/03\/WhatsApp-Image-2022-03-30-at-4.32.03-PM.jpeg\"><img loading=\"lazy\" decoding=\"async\" width=\"1024\" height=\"656\" src=\"http:\/\/radioprimiciapelluhue.cl\/wp-content\/uploads\/2022\/03\/WhatsApp-Image-2022-03-30-at-4.32.03-PM-1024x656.jpeg\" alt=\"\" class=\"wp-image-4147\" srcset=\"https:\/\/radioprimiciapelluhue.cl\/wp-content\/uploads\/2022\/03\/WhatsApp-Image-2022-03-30-at-4.32.03-PM-1024x656.jpeg 1024w, https:\/\/radioprimiciapelluhue.cl\/wp-content\/uploads\/2022\/03\/WhatsApp-Image-2022-03-30-at-4.32.03-PM-300x192.jpeg 300w, https:\/\/radioprimiciapelluhue.cl\/wp-content\/uploads\/2022\/03\/WhatsApp-Image-2022-03-30-at-4.32.03-PM-768x492.jpeg 768w, https:\/\/radioprimiciapelluhue.cl\/wp-content\/uploads\/2022\/03\/WhatsApp-Image-2022-03-30-at-4.32.03-PM.jpeg 1280w\" sizes=\"auto, (max-width: 1024px) 100vw, 1024px\" \/><\/a><\/figure>\n\n\n\n<p><\/p>\n","protected":false},"excerpt":{"rendered":"<p>En horas de la madrugada de este mi\u00e9rcoles en calle Sor Teresa de los Andes. Carabineros tras realizar patrullajes nocturnos de seguridad por la comuna, se percatan que en calle Sor Teresa de los andes se encontraba un veh\u00edculo mal estacionado, obstaculizando la entrada y salida de m\u00f3viles de un domicilio particular, es por ello [&hellip;]<\/p>\n","protected":false},"author":2,"featured_media":4080,"comment_status":"closed","ping_status":"closed","sticky":false,"template":"","format":"standard","meta":{"footnotes":""},"categories":[59],"tags":[],"class_list":["post-4146","post","type-post","status-publish","format-standard","has-post-thumbnail","hentry","category-policial"],"_links":{"self":[{"href":"https:\/\/radioprimiciapelluhue.cl\/index.php?rest_route=\/wp\/v2\/posts\/4146","targetHints":{"allow":["GET"]}}],"collection":[{"href":"https:\/\/radioprimiciapelluhue.cl\/index.php?rest_route=\/wp\/v2\/posts"}],"about":[{"href":"https:\/\/radioprimiciapelluhue.cl\/index.php?rest_route=\/wp\/v2\/types\/post"}],"author":[{"embeddable":true,"href":"https:\/\/radioprimiciapelluhue.cl\/index.php?rest_route=\/wp\/v2\/users\/2"}],"replies":[{"embeddable":true,"href":"https:\/\/radioprimiciapelluhue.cl\/index.php?rest_route=%2Fwp%2Fv2%2Fcomments&post=4146"}],"version-history":[{"count":1,"href":"https:\/\/radioprimiciapelluhue.cl\/index.php?rest_route=\/wp\/v2\/posts\/4146\/revisions"}],"predecessor-version":[{"id":4148,"href":"https:\/\/radioprimiciapelluhue.cl\/index.php?rest_route=\/wp\/v2\/posts\/4146\/revisions\/4148"}],"wp:featuredmedia":[{"embeddable":true,"href":"https:\/\/radioprimiciapelluhue.cl\/index.php?rest_route=\/wp\/v2\/media\/4080"}],"wp:attachment":[{"href":"https:\/\/radioprimiciapelluhue.cl\/index.php?rest_route=%2Fwp%2Fv2%2Fmedia&parent=4146"}],"wp:term":[{"taxonomy":"category","embeddable":true,"href":"https:\/\/radioprimiciapelluhue.cl\/index.php?rest_route=%2Fwp%2Fv2%2Fcategories&post=4146"},{"taxonomy":"post_tag","embeddable":true,"href":"https:\/\/radioprimiciapelluhue.cl\/index.php?rest_route=%2Fwp%2Fv2%2Ftags&post=4146"}],"curies":[{"name":"wp","href":"https:\/\/api.w.org\/{rel}","templated":true}]}}